{"id":9624,"date":"2017-10-22T20:03:28","date_gmt":"2017-10-22T18:03:28","guid":{"rendered":"http:\/\/www.tvk-gaj.pl\/~gajonline\/?p=9624"},"modified":"2017-10-22T20:12:45","modified_gmt":"2017-10-22T18:12:45","slug":"radni-gaju-na-wroclawskim-kongresie-rad-osiedli","status":"publish","type":"post","link":"https:\/\/online.tvk-gaj.pl\/?p=9624","title":{"rendered":"Radni Gaju na Wroc\u0142awskim Kongresie Rad Osiedli"},"content":{"rendered":"<p>Po raz pierwszy we Wroc\u0142awiu odby\u0142 si\u0119 og\u00f3lnomiejski kongres rad osiedli. Na wydarzeniu zorganizowanym w Hali Stulecia pojawi\u0142a si\u0119 silna reprezentacja Rady Osiedla Gaj. Podczas licznych rozm\u00f3w i dyskusji planowano kszta\u0142t i kierunek dzia\u0142a\u0144 osiedla na lata kadencji 2017-2021. Miasto przedstawi\u0142o te\u017c swoje&nbsp;pomys\u0142y na funkcjonowanie rad osiedli.<!--more--><\/p>\n<p>&nbsp;<\/p>\n<p>7 pa\u017adziernika w Hali Stulecia spotkali si\u0119 radni 48 wroc\u0142awskich osiedli. Spotkanie poprowadzi\u0142 Prezydent Wroc\u0142awia Rafa\u0142 Dutkiewicz. Nie zabrak\u0142o te\u017c innych przedstawicieli miasta.<\/p>\n<blockquote><p>Jak m\u00f3wi\u0105 radni z Gaju, kongres to doskona\u0142a okazja do lepszego poznania si\u0119 radnych z r\u00f3\u017cnych osiedli, a tak\u017ce rozm\u00f3w z urz\u0119dnikami i przedstawicielami r\u00f3\u017cnych jednostek miejskich.&nbsp;<\/p><\/blockquote>\n<p>Podczas kongresu wyst\u0105pili przedstawiciele miasta, miejskich instytucji oraz departament\u00f3w. Wr\u0119czono r\u00f3wnie\u017c oficjalnie legitymacje radnych osiedlowych.&nbsp;<\/p>\n<p><a href=\"http:\/\/www.tvk-gaj.pl\/~gajonline\/wp-content\/uploads\/2017\/10\/kongres.jpg\"><br \/>\n<img loading=\"lazy\" decoding=\"async\" class=\"aligncenter size-full wp-image-9626\" src=\"http:\/\/www.tvk-gaj.pl\/~gajonline\/wp-content\/uploads\/2017\/10\/kongres.jpg\" alt=\"\" width=\"808\" height=\"426\" srcset=\"https:\/\/online.tvk-gaj.pl\/wp-content\/uploads\/2017\/10\/kongres.jpg 808w, https:\/\/online.tvk-gaj.pl\/wp-content\/uploads\/2017\/10\/kongres-300x158.jpg 300w, https:\/\/online.tvk-gaj.pl\/wp-content\/uploads\/2017\/10\/kongres-768x405.jpg 768w\" sizes=\"auto, (max-width: 808px) 100vw, 808px\" \/><\/a><\/p>\n<p style=\"text-align: center;\"><em>fot. K. Zatycki &#8211; www.wroclaw.pl&nbsp;<\/em><\/p>\n<p><a href=\"http:\/\/www.tvk-gaj.pl\/~gajonline\/wp-content\/uploads\/2017\/10\/kongres2.jpg\"><img loading=\"lazy\" decoding=\"async\" class=\"aligncenter size-full wp-image-9627\" src=\"http:\/\/www.tvk-gaj.pl\/~gajonline\/wp-content\/uploads\/2017\/10\/kongres2.jpg\" alt=\"\" width=\"806\" height=\"540\" srcset=\"https:\/\/online.tvk-gaj.pl\/wp-content\/uploads\/2017\/10\/kongres2.jpg 806w, https:\/\/online.tvk-gaj.pl\/wp-content\/uploads\/2017\/10\/kongres2-300x201.jpg 300w, https:\/\/online.tvk-gaj.pl\/wp-content\/uploads\/2017\/10\/kongres2-768x515.jpg 768w, https:\/\/online.tvk-gaj.pl\/wp-content\/uploads\/2017\/10\/kongres2-321x214.jpg 321w, https:\/\/online.tvk-gaj.pl\/wp-content\/uploads\/2017\/10\/kongres2-140x94.jpg 140w\" sizes=\"auto, (max-width: 806px) 100vw, 806px\" \/><\/a><\/p>\n<p style=\"text-align: center;\"><em>fot. K. Zatycki &#8211; www.wroclaw.pl&nbsp;<\/em><\/p>\n<p><a href=\"http:\/\/www.tvk-gaj.pl\/~gajonline\/wp-content\/uploads\/2017\/10\/IMG_20171007_094935_BURST001_COVER.jpg\"><img loading=\"lazy\" decoding=\"async\" class=\"size-large wp-image-9628 aligncenter\" src=\"http:\/\/www.tvk-gaj.pl\/~gajonline\/wp-content\/uploads\/2017\/10\/IMG_20171007_094935_BURST001_COVER-1024x768.jpg\" alt=\"\" width=\"838\" height=\"629\" srcset=\"https:\/\/online.tvk-gaj.pl\/wp-content\/uploads\/2017\/10\/IMG_20171007_094935_BURST001_COVER-1024x768.jpg 1024w, https:\/\/online.tvk-gaj.pl\/wp-content\/uploads\/2017\/10\/IMG_20171007_094935_BURST001_COVER-300x225.jpg 300w, https:\/\/online.tvk-gaj.pl\/wp-content\/uploads\/2017\/10\/IMG_20171007_094935_BURST001_COVER-768x576.jpg 768w\" sizes=\"auto, (max-width: 838px) 100vw, 838px\" \/><\/a><\/p>\n<p>&nbsp;<\/p>\n<p><a href=\"http:\/\/www.tvk-gaj.pl\/~gajonline\/wp-content\/uploads\/2017\/10\/IMG_20171007_095110.jpg\"><img loading=\"lazy\" decoding=\"async\" class=\"size-large wp-image-9629 aligncenter\" src=\"http:\/\/www.tvk-gaj.pl\/~gajonline\/wp-content\/uploads\/2017\/10\/IMG_20171007_095110-1024x768.jpg\" alt=\"\" width=\"838\" height=\"629\" srcset=\"https:\/\/online.tvk-gaj.pl\/wp-content\/uploads\/2017\/10\/IMG_20171007_095110-1024x768.jpg 1024w, https:\/\/online.tvk-gaj.pl\/wp-content\/uploads\/2017\/10\/IMG_20171007_095110-300x225.jpg 300w, https:\/\/online.tvk-gaj.pl\/wp-content\/uploads\/2017\/10\/IMG_20171007_095110-768x576.jpg 768w\" sizes=\"auto, (max-width: 838px) 100vw, 838px\" \/><\/a><\/p>\n<p>&nbsp;<\/p>\n<p><a href=\"http:\/\/www.tvk-gaj.pl\/~gajonline\/wp-content\/uploads\/2017\/10\/IMG_20171007_101611.jpg\"><img loading=\"lazy\" decoding=\"async\" class=\"size-large wp-image-9630 aligncenter\" src=\"http:\/\/www.tvk-gaj.pl\/~gajonline\/wp-content\/uploads\/2017\/10\/IMG_20171007_101611-768x1024.jpg\" alt=\"\" width=\"768\" height=\"1024\" srcset=\"https:\/\/online.tvk-gaj.pl\/wp-content\/uploads\/2017\/10\/IMG_20171007_101611-768x1024.jpg 768w, https:\/\/online.tvk-gaj.pl\/wp-content\/uploads\/2017\/10\/IMG_20171007_101611-225x300.jpg 225w, https:\/\/online.tvk-gaj.pl\/wp-content\/uploads\/2017\/10\/IMG_20171007_101611.jpg 1560w\" sizes=\"auto, (max-width: 768px) 100vw, 768px\" \/><\/a><\/p>\n<p>&nbsp;<\/p>\n<p>&nbsp;<\/p>\n","protected":false},"excerpt":{"rendered":"<p>Po raz pierwszy we Wroc\u0142awiu odby\u0142 si\u0119 og\u00f3lnomiejski kongres rad osiedli. Na wydarzeniu zorganizowanym w Hali Stulecia pojawi\u0142a si\u0119 silna reprezentacja Rady Osiedla Gaj. Podczas licznych rozm\u00f3w i dyskusji planowano kszta\u0142t i kierunek dzia\u0142a\u0144 osiedla na lata kadencji 2017-2021. Miasto przedstawi\u0142o te\u017c swoje&nbsp;pomys\u0142y na funkcjonowanie rad osiedli.<\/p>\n","protected":false},"author":1,"featured_media":9625,"comment_status":"open","ping_status":"open","sticky":false,"template":"","format":"standard","meta":{"footnotes":""},"categories":[14,12],"tags":[112,900,376,135,865,145,165,901,873],"class_list":["post-9624","post","type-post","status-publish","format-standard","has-post-thumbnail","hentry","category-aktualnosci","category-artykuly","tag-gaj","tag-osiedla","tag-prezydent-wroclawia","tag-rada-osiedla-gaj","tag-radni","tag-spotkanie","tag-wroclaw","tag-wroclawski-kongres-rad-osiedli","tag-zebranie"],"_links":{"self":[{"href":"https:\/\/online.tvk-gaj.pl\/index.php?rest_route=\/wp\/v2\/posts\/9624","targetHints":{"allow":["GET"]}}],"collection":[{"href":"https:\/\/online.tvk-gaj.pl\/index.php?rest_route=\/wp\/v2\/posts"}],"about":[{"href":"https:\/\/online.tvk-gaj.pl\/index.php?rest_route=\/wp\/v2\/types\/post"}],"author":[{"embeddable":true,"href":"https:\/\/online.tvk-gaj.pl\/index.php?rest_route=\/wp\/v2\/users\/1"}],"replies":[{"embeddable":true,"href":"https:\/\/online.tvk-gaj.pl\/index.php?rest_route=%2Fwp%2Fv2%2Fcomments&post=9624"}],"version-history":[{"count":4,"href":"https:\/\/online.tvk-gaj.pl\/index.php?rest_route=\/wp\/v2\/posts\/9624\/revisions"}],"predecessor-version":[{"id":9634,"href":"https:\/\/online.tvk-gaj.pl\/index.php?rest_route=\/wp\/v2\/posts\/9624\/revisions\/9634"}],"wp:featuredmedia":[{"embeddable":true,"href":"https:\/\/online.tvk-gaj.pl\/index.php?rest_route=\/wp\/v2\/media\/9625"}],"wp:attachment":[{"href":"https:\/\/online.tvk-gaj.pl\/index.php?rest_route=%2Fwp%2Fv2%2Fmedia&parent=9624"}],"wp:term":[{"taxonomy":"category","embeddable":true,"href":"https:\/\/online.tvk-gaj.pl\/index.php?rest_route=%2Fwp%2Fv2%2Fcategories&post=9624"},{"taxonomy":"post_tag","embeddable":true,"href":"https:\/\/online.tvk-gaj.pl\/index.php?rest_route=%2Fwp%2Fv2%2Ftags&post=9624"}],"curies":[{"name":"wp","href":"https:\/\/api.w.org\/{rel}","templated":true}]}}