{"id":9654,"date":"2017-10-28T14:00:44","date_gmt":"2017-10-28T12:00:44","guid":{"rendered":"http:\/\/www.tvk-gaj.pl\/~gajonline\/?p=9654"},"modified":"2017-11-11T12:05:37","modified_gmt":"2017-11-11T11:05:37","slug":"wszystkich-swietych-zmiany-w-komunikacji-na-osiedlu-2","status":"publish","type":"post","link":"https:\/\/online.tvk-gaj.pl\/?p=9654","title":{"rendered":"Wszystkich \u015awi\u0119tych &#8211; zmiany w komunikacji na osiedlu"},"content":{"rendered":"<p>Przedstawiamy szczeg\u00f3\u0142y zmian w organizacji ruchu i komunikacji miejskiej zwi\u0105zanych z obchodami \u015awi\u0119ta Wszystkich \u015awi\u0119tych. Zmiany w ruchu drogowym, po\u0142\u0105czone z coroczn\u0105 akcj\u0105 policji pod kryptonimem &#8222;Znicz&#8221;, potrwaj\u0105 od soboty 28 pa\u017adziernika, do czwartku, 2 listopada. Prezentujemy informacje istotne dla mieszka\u0144c\u00f3w Gaju.<!--more--><\/p>\n<p>Na terenie osiedla znajduj\u0105 si\u0119 dwa cmentarze parafialne \u2013 \u015aw. Ducha na ul. Bardziej oraz \u015aw. Maurycego na ul. Dzia\u0142kowej (pod kt\u00f3ry podlega te\u017c Parafia \u015aw. Franciszka z Asy\u017cu z ul Borowskiej).<\/p>\n<p>&nbsp;<\/p>\n<h2><strong>Cmentarz ul. Bardzka<\/strong><\/h2>\n<p>&nbsp;<\/p>\n<p><a href=\"http:\/\/www.tvk-gaj.pl\/~gajonline\/wp-content\/uploads\/2015\/10\/cmentarz-przy-bardzkiej.jpg\"><img loading=\"lazy\" decoding=\"async\" class=\"aligncenter size-full wp-image-5148\" src=\"http:\/\/www.tvk-gaj.pl\/~gajonline\/wp-content\/uploads\/2015\/10\/cmentarz-przy-bardzkiej.jpg\" alt=\"cmentarz-przy-bardzkiej\" width=\"626\" height=\"417\" srcset=\"https:\/\/online.tvk-gaj.pl\/wp-content\/uploads\/2015\/10\/cmentarz-przy-bardzkiej.jpg 626w, https:\/\/online.tvk-gaj.pl\/wp-content\/uploads\/2015\/10\/cmentarz-przy-bardzkiej-300x200.jpg 300w, https:\/\/online.tvk-gaj.pl\/wp-content\/uploads\/2015\/10\/cmentarz-przy-bardzkiej-321x214.jpg 321w, https:\/\/online.tvk-gaj.pl\/wp-content\/uploads\/2015\/10\/cmentarz-przy-bardzkiej-140x94.jpg 140w\" sizes=\"auto, (max-width: 626px) 100vw, 626px\" \/><\/a><\/p>\n<p>&nbsp;<\/p>\n<p><em>Nekropolia nale\u017c\u0105ca obecnie do Parafii Ducha \u015awi\u0119tego z ul. Bardzkiej powsta\u0142 w 1918 roku jako Cmentarz \u015bw. Henryka. Cmentarz zajmuje powierzchni\u0119 ponad 8ha. Nekropolia posiada unikatow\u0105 architektur\u0119 zaprojektowan\u0105 przez wroc\u0142awskiego architekta Theo Effenberger &#8211; znajduj\u0105 si\u0119 tutaj m.in. pomniki wojenne. Na cmentarzu swoje groby ma wielu znanych wroc\u0142awian &#8211; m.in.&nbsp;prof. Stanis\u0142aw To\u0142pa &#8211; botanik, Aleksandra Natalli-\u015awiat &#8211; pos\u0142anka na sejm RP, prof. Karol Jo\u0144ca \u2013 prawnik i historyk, ks. Piotr Nitecki \u2013 profesor Papieskiego Wydzia\u0142u Teologicznego we Wroc\u0142awiu.&nbsp;<\/em><\/p>\n<p>W obr\u0119bie tej nekropolii zmiany w organizacji ruchu zostan\u0105 wprowadzone wy\u0142\u0105cznie 1 listopada.&nbsp;<\/p>\n<p><strong>PARKOWANIE<\/strong><br \/>\nW rejonie cmentarza zorganizowany zostanie parking p\u0142atny na terenie przy ulicy Buforowej 2.<\/p>\n<p><strong>RUCH DROGOWY<\/strong><br \/>\nNa ul. Morwowej w dniu 1.11 zostanie wprowadzony jeden kierunek ruchu pojazd\u00f3w &#8211; od ul. Bardzkiej do ul. Tarnogajskiej.<\/p>\n<p><strong>KOMUNIKACJA MIEJSKA<\/strong><br \/>\nNa cmentarz dojecha\u0107 mo\u017cna autobusami linii 125, 133, 134, 136, 145, 146 oraz specjalnymi liniami tramwajowymi i autobusowymi: E8, 334,&nbsp;<\/p>\n<p>&nbsp;<\/p>\n<p>&nbsp;<\/p>\n<p><img decoding=\"async\" class=\"aligncenter\" src=\"http:\/\/bi.gazeta.pl\/im\/5c\/82\/15\/z22556508Q.jpg\"><\/p>\n<p>&nbsp;<\/p>\n<h2><strong>Cmentarz ul. Dzia\u0142kowa<\/strong><\/h2>\n<p>&nbsp;<\/p>\n<p><a href=\"http:\/\/www.tvk-gaj.pl\/~gajonline\/wp-content\/uploads\/2015\/10\/14.jpg\"><img loading=\"lazy\" decoding=\"async\" class=\"size-large wp-image-5150 aligncenter\" src=\"http:\/\/www.tvk-gaj.pl\/~gajonline\/wp-content\/uploads\/2015\/10\/14-1024x768.jpg\" alt=\"OLYMPUS DIGITAL CAMERA\" width=\"838\" height=\"629\" srcset=\"https:\/\/online.tvk-gaj.pl\/wp-content\/uploads\/2015\/10\/14-1024x768.jpg 1024w, https:\/\/online.tvk-gaj.pl\/wp-content\/uploads\/2015\/10\/14-300x225.jpg 300w, https:\/\/online.tvk-gaj.pl\/wp-content\/uploads\/2015\/10\/14.jpg 2048w\" sizes=\"auto, (max-width: 838px) 100vw, 838px\" \/><br \/>\n<\/a><\/p>\n<p><a href=\"http:\/\/www.tvk-gaj.pl\/~gajonline\/wp-content\/uploads\/2013\/10\/2013-10-31-13.25.46.jpg\"><img loading=\"lazy\" decoding=\"async\" class=\"aligncenter size-large wp-image-1724\" src=\"http:\/\/www.tvk-gaj.pl\/~gajonline\/wp-content\/uploads\/2013\/10\/2013-10-31-13.25.46-1024x576.jpg\" alt=\"2013-10-31 13.25.46\" width=\"838\" height=\"471\" srcset=\"https:\/\/online.tvk-gaj.pl\/wp-content\/uploads\/2013\/10\/2013-10-31-13.25.46-1024x576.jpg 1024w, https:\/\/online.tvk-gaj.pl\/wp-content\/uploads\/2013\/10\/2013-10-31-13.25.46-300x168.jpg 300w, https:\/\/online.tvk-gaj.pl\/wp-content\/uploads\/2013\/10\/2013-10-31-13.25.46.jpg 1536w\" sizes=\"auto, (max-width: 838px) 100vw, 838px\" \/><\/a><\/p>\n<p>&nbsp;<\/p>\n<p><em>Cmentarz nazywany potocznie &#8222;Cmentarzem na Skowroniej G\u00f3rze&#8221;&nbsp; znajduje si\u0119 pod zarz\u0105dem parafii rzymskokatolickiej pw. \u015bw. Maurycego we Wroc\u0142awiu. Jest jednak u\u017cytkowany przez Parafi\u0119 \u015awi\u0119tego Franciszka z ul. Borowskiej. Od 1945r. cmentarz wykorzystywany by\u0142 jako miejsce poch\u00f3wku \u017co\u0142nierzy radzieckich. Obecnie cz\u0119\u015b\u0107 nekropolii ma charakter muzeum.&nbsp; Od 1994r. zachodnia cz\u0119\u015b\u0107 cmentarz nadal pe\u0142ni funkcj\u0119 cmentarza parafialnego ko\u015bcio\u0142a \u015bw. Maurycego.<\/em><\/p>\n<p><strong>PARKOWANIE<\/strong><br \/>\nPrzy cmentarzu Policja wprowadzi zakaz zatrzymywania si\u0119 pojazd\u00f3w.<\/p>\n<p><strong>RUCH DROGOWY<\/strong><br \/>\nNie b\u0119dzie zamian w organizacji ruchu dla cmentarza \u201eSkowronia G\u00f3ra\u201d przy ul. Dzia\u0142kowej.<\/p>\n<p><strong>KOMUNIKACJA MIEJSKA<\/strong><br \/>\nDo cmentarza mo\u017cna dojecha\u0107 autobusami linii 136, 145, 146, K, 112, 113, 612 oraz tramwajami linii 31, 32.<\/p>\n<p>&nbsp;<\/p>\n<h2>Komunikacja miejska<\/h2>\n<p>&nbsp;<\/p>\n<p><a href=\"http:\/\/www.tvk-gaj.pl\/~gajonline\/wp-content\/uploads\/2016\/10\/main_topic_750x3902.jpg\"><img loading=\"lazy\" decoding=\"async\" class=\"aligncenter size-full wp-image-8507\" src=\"http:\/\/www.tvk-gaj.pl\/~gajonline\/wp-content\/uploads\/2016\/10\/main_topic_750x3902.jpg\" alt=\"main_topic_750x3902\" width=\"750\" height=\"390\" srcset=\"https:\/\/online.tvk-gaj.pl\/wp-content\/uploads\/2016\/10\/main_topic_750x3902.jpg 750w, https:\/\/online.tvk-gaj.pl\/wp-content\/uploads\/2016\/10\/main_topic_750x3902-300x156.jpg 300w\" sizes=\"auto, (max-width: 750px) 100vw, 750px\" \/><\/a><\/p>\n<p>&nbsp;<\/p>\n<p>Od soboty b\u0119d\u0105&nbsp; kursowa\u0142y dodatkowe linie tramwajowe i autobusowe na wroc\u0142awskie nekropolie.&nbsp;<\/p>\n<p>&nbsp;<\/p>\n<p>Wi\u0119cej informacji na temat komunikacji miejskiej we Wszystkich \u015awi\u0119tych<a href=\"https:\/\/www.wroclaw.pl\/komunikacja-zbiorowa-wszystkich-swietych\" target=\"_blank\" rel=\"noopener\"> znajduje si\u0119 na stronie miasta<\/a>&nbsp;oraz <a href=\"http:\/\/mpk.wroc.pl\/content\/91371-komunikacja-w-okresie-wszystkich-%C5%9Bwi%C4%99tych\" target=\"_blank\" rel=\"noopener\">stronie MPK Wroc\u0142aw<\/a>.&nbsp;<\/p>\n<p>&nbsp;<\/p>\n<p>&nbsp;<\/p>\n","protected":false},"excerpt":{"rendered":"<p>Przedstawiamy szczeg\u00f3\u0142y zmian w organizacji ruchu i komunikacji miejskiej zwi\u0105zanych z obchodami \u015awi\u0119ta Wszystkich \u015awi\u0119tych. Zmiany w ruchu drogowym, po\u0142\u0105czone z coroczn\u0105 akcj\u0105 policji pod kryptonimem &#8222;Znicz&#8221;, potrwaj\u0105 od soboty 28 pa\u017adziernika, do czwartku, 2 listopada. Prezentujemy informacje istotne dla mieszka\u0144c\u00f3w Gaju.<\/p>\n","protected":false},"author":1,"featured_media":1721,"comment_status":"open","ping_status":"open","sticky":false,"template":"","format":"standard","meta":{"footnotes":""},"categories":[14],"tags":[197,251,112,123,166,121,366],"class_list":["post-9654","post","type-post","status-publish","format-standard","has-post-thumbnail","hentry","category-aktualnosci","tag-bardzka","tag-dzialkowa","tag-gaj","tag-komunikacja-miejska","tag-osiedle-gaj","tag-wszystkich-swietych","tag-zmiany-w-komunikacji"],"_links":{"self":[{"href":"https:\/\/online.tvk-gaj.pl\/index.php?rest_route=\/wp\/v2\/posts\/9654","targetHints":{"allow":["GET"]}}],"collection":[{"href":"https:\/\/online.tvk-gaj.pl\/index.php?rest_route=\/wp\/v2\/posts"}],"about":[{"href":"https:\/\/online.tvk-gaj.pl\/index.php?rest_route=\/wp\/v2\/types\/post"}],"author":[{"embeddable":true,"href":"https:\/\/online.tvk-gaj.pl\/index.php?rest_route=\/wp\/v2\/users\/1"}],"replies":[{"embeddable":true,"href":"https:\/\/online.tvk-gaj.pl\/index.php?rest_route=%2Fwp%2Fv2%2Fcomments&post=9654"}],"version-history":[{"count":1,"href":"https:\/\/online.tvk-gaj.pl\/index.php?rest_route=\/wp\/v2\/posts\/9654\/revisions"}],"predecessor-version":[{"id":9655,"href":"https:\/\/online.tvk-gaj.pl\/index.php?rest_route=\/wp\/v2\/posts\/9654\/revisions\/9655"}],"wp:featuredmedia":[{"embeddable":true,"href":"https:\/\/online.tvk-gaj.pl\/index.php?rest_route=\/wp\/v2\/media\/1721"}],"wp:attachment":[{"href":"https:\/\/online.tvk-gaj.pl\/index.php?rest_route=%2Fwp%2Fv2%2Fmedia&parent=9654"}],"wp:term":[{"taxonomy":"category","embeddable":true,"href":"https:\/\/online.tvk-gaj.pl\/index.php?rest_route=%2Fwp%2Fv2%2Fcategories&post=9654"},{"taxonomy":"post_tag","embeddable":true,"href":"https:\/\/online.tvk-gaj.pl\/index.php?rest_route=%2Fwp%2Fv2%2Ftags&post=9654"}],"curies":[{"name":"wp","href":"https:\/\/api.w.org\/{rel}","templated":true}]}}