{"id":9659,"date":"2017-11-06T21:16:23","date_gmt":"2017-11-06T20:16:23","guid":{"rendered":"http:\/\/www.tvk-gaj.pl\/~gajonline\/?p=9659"},"modified":"2017-11-11T12:05:25","modified_gmt":"2017-11-11T11:05:25","slug":"miasto-wybuduje-progi-zwalniajace-na-swieradowskiej","status":"publish","type":"post","link":"https:\/\/online.tvk-gaj.pl\/?p=9659","title":{"rendered":"Miasto wybuduje progi zwalniaj\u0105ce na \u015awieradowskiej"},"content":{"rendered":"<p>Ul. \u015awieradowska. Do ko\u0144ca roku Zarz\u0105d Dr\u00f3g i Utrzymania Miasta wybuduje dwa progi zwalniaj\u0105ce w okolicy skrzy\u017cowania z ulic\u0105. Krynick\u0105.&nbsp;<!--more--><\/p>\n<p>&nbsp;<\/p>\n<p>Inwestycja ma zosta\u0107 zrealizowana do ko\u0144ca roku.&nbsp; Wi\u0119cej na temat kontrowersyjnej inwestycji znajduje si\u0119 w dyskusji na naszym profilu facebookowym.<\/p>\n<p>&nbsp;<\/p>\n<p><a href=\"http:\/\/www.tvk-gaj.pl\/~gajonline\/wp-content\/uploads\/2017\/11\/23270477_1667668276597360_5567301643041154764_o.jpg\"><img loading=\"lazy\" decoding=\"async\" class=\"aligncenter size-large wp-image-9660\" src=\"http:\/\/www.tvk-gaj.pl\/~gajonline\/wp-content\/uploads\/2017\/11\/23270477_1667668276597360_5567301643041154764_o-1024x768.jpg\" alt=\"\" width=\"838\" height=\"629\" srcset=\"https:\/\/online.tvk-gaj.pl\/wp-content\/uploads\/2017\/11\/23270477_1667668276597360_5567301643041154764_o-1024x768.jpg 1024w, https:\/\/online.tvk-gaj.pl\/wp-content\/uploads\/2017\/11\/23270477_1667668276597360_5567301643041154764_o-300x225.jpg 300w, https:\/\/online.tvk-gaj.pl\/wp-content\/uploads\/2017\/11\/23270477_1667668276597360_5567301643041154764_o-768x576.jpg 768w, https:\/\/online.tvk-gaj.pl\/wp-content\/uploads\/2017\/11\/23270477_1667668276597360_5567301643041154764_o.jpg 2048w\" sizes=\"auto, (max-width: 838px) 100vw, 838px\" \/><\/a><\/p>\n<p>&nbsp;<\/p>\n<p>&nbsp;<\/p>\n<p>&nbsp;<\/p>\n","protected":false},"excerpt":{"rendered":"<p>Ul. \u015awieradowska. Do ko\u0144ca roku Zarz\u0105d Dr\u00f3g i Utrzymania Miasta wybuduje dwa progi zwalniaj\u0105ce w okolicy skrzy\u017cowania z ulic\u0105. Krynick\u0105.&nbsp;<\/p>\n","protected":false},"author":1,"featured_media":9660,"comment_status":"open","ping_status":"open","sticky":false,"template":"","format":"standard","meta":{"footnotes":""},"categories":[14,12],"tags":[351,117,864,165,203],"class_list":["post-9659","post","type-post","status-publish","format-standard","has-post-thumbnail","hentry","category-aktualnosci","category-artykuly","tag-progi-zwalniajace","tag-swieradowska","tag-ulica","tag-wroclaw","tag-zdium"],"_links":{"self":[{"href":"https:\/\/online.tvk-gaj.pl\/index.php?rest_route=\/wp\/v2\/posts\/9659","targetHints":{"allow":["GET"]}}],"collection":[{"href":"https:\/\/online.tvk-gaj.pl\/index.php?rest_route=\/wp\/v2\/posts"}],"about":[{"href":"https:\/\/online.tvk-gaj.pl\/index.php?rest_route=\/wp\/v2\/types\/post"}],"author":[{"embeddable":true,"href":"https:\/\/online.tvk-gaj.pl\/index.php?rest_route=\/wp\/v2\/users\/1"}],"replies":[{"embeddable":true,"href":"https:\/\/online.tvk-gaj.pl\/index.php?rest_route=%2Fwp%2Fv2%2Fcomments&post=9659"}],"version-history":[{"count":1,"href":"https:\/\/online.tvk-gaj.pl\/index.php?rest_route=\/wp\/v2\/posts\/9659\/revisions"}],"predecessor-version":[{"id":9661,"href":"https:\/\/online.tvk-gaj.pl\/index.php?rest_route=\/wp\/v2\/posts\/9659\/revisions\/9661"}],"wp:featuredmedia":[{"embeddable":true,"href":"https:\/\/online.tvk-gaj.pl\/index.php?rest_route=\/wp\/v2\/media\/9660"}],"wp:attachment":[{"href":"https:\/\/online.tvk-gaj.pl\/index.php?rest_route=%2Fwp%2Fv2%2Fmedia&parent=9659"}],"wp:term":[{"taxonomy":"category","embeddable":true,"href":"https:\/\/online.tvk-gaj.pl\/index.php?rest_route=%2Fwp%2Fv2%2Fcategories&post=9659"},{"taxonomy":"post_tag","embeddable":true,"href":"https:\/\/online.tvk-gaj.pl\/index.php?rest_route=%2Fwp%2Fv2%2Ftags&post=9659"}],"curies":[{"name":"wp","href":"https:\/\/api.w.org\/{rel}","templated":true}]}}