{"id":9673,"date":"2017-11-18T16:00:02","date_gmt":"2017-11-18T15:00:02","guid":{"rendered":"http:\/\/www.tvk-gaj.pl\/~gajonline\/?p=9673"},"modified":"2017-11-18T16:08:43","modified_gmt":"2017-11-18T15:08:43","slug":"dzien-seniora-na-gaju","status":"publish","type":"post","link":"https:\/\/online.tvk-gaj.pl\/?p=9673","title":{"rendered":"Dzie\u0144 seniora na Gaju"},"content":{"rendered":"<p>W pi\u0105tek, 17 listopada, na terenie Szko\u0142y Podstawowej Nr 90 przy ul. Orzechowej odby\u0142y si\u0119 (coroczne) obchody Dnia seniora na Gaju, zorganizowane przez Rad\u0119 Osiedla Gaj oraz Osiedlowy Klub Seniora. Zapraszamy do fotorelacji z wydarzenia.<!--more--><\/p>\n<p>&nbsp;<\/p>\n<p>Uroczyste spotkanie senior\u00f3w z naszego osiedla odby\u0142o si\u0119 jak co roku w Szkole Podstawowej Nr 90. Spotkanie zwi\u0105zane z obchodzonym 20-listopada Europejskim Dniem ma na celu integrowa\u0107 starszych mieszka\u0144c\u00f3w Gaju. Na spotkaniu zorganizowanym wsp\u00f3lnie przez Rad\u0119 Osiedla Gaj oraz Osiedlowy Klub Seniora pojawili si\u0119 m.in.: Przewodnicz\u0105cy Rady Osiedla Gaj Adam Wojtaszewski, Koordynator Klubu Seniora na Gaju Ma\u0142gorzata Ryfa, przedstawiciel miasta, Dyrektor Departamentu Spraw Spo\u0142ecznych Wroc\u0142awia Jacek Sutryk, Dyrektor SP Nr 90 Joanna Sinicka oraz przedstawiciele m.in. Zwi\u0105zku Emeryt\u00f3w i Rencist\u00f3w, Zwi\u0105zku \u017bo\u0142nierzy Wojska Polskiego.&nbsp;Uroczysto\u015b\u0107 wzbogaci\u0142 wyst\u0119p \u015bpiewaka, aktora, solisty Teatru Muzycznego Operetki Wroc\u0142awskiej, a obecnie Teatru Capitol &#8211; Miros\u0142awa Owczarka.<\/p>\n<p>&nbsp;<\/p>\n<p><a href=\"http:\/\/www.tvk-gaj.pl\/~gajonline\/wp-content\/uploads\/2017\/11\/20171117_164046.jpg\"><img loading=\"lazy\" decoding=\"async\" class=\"aligncenter size-large wp-image-9719\" src=\"http:\/\/www.tvk-gaj.pl\/~gajonline\/wp-content\/uploads\/2017\/11\/20171117_164046-1024x768.jpg\" alt=\"\" width=\"838\" height=\"629\" srcset=\"https:\/\/online.tvk-gaj.pl\/wp-content\/uploads\/2017\/11\/20171117_164046-1024x768.jpg 1024w, https:\/\/online.tvk-gaj.pl\/wp-content\/uploads\/2017\/11\/20171117_164046-300x225.jpg 300w, https:\/\/online.tvk-gaj.pl\/wp-content\/uploads\/2017\/11\/20171117_164046-768x576.jpg 768w, https:\/\/online.tvk-gaj.pl\/wp-content\/uploads\/2017\/11\/20171117_164046.jpg 2016w\" sizes=\"auto, (max-width: 838px) 100vw, 838px\" \/><\/a><\/p>\n<p>&nbsp;<\/p>\n<p>&nbsp;<\/p>\n<p><strong>\u017byczenia dla Senior\u00f3w od Przewodnicz\u0105cego Rady Osiedla Gaj Adama Wojtaszewskiego:<\/strong><\/p>\n<blockquote><p>Z okazji Dnia Seniora pragn\u0119 z ogromnym szacunkiem pochyli\u0107 g\u0142owy przed szacownym pokoleniem najstarszych mieszka\u0144c\u00f3w Osiedla Gaj. To szczeg\u00f3lny moment, kt\u00f3ry pozwala doceni\u0107 i podkr\u015bli\u0107 potencja\u0142 do\u015bwiadczenia, warto\u015bci i wiedzy, z kt\u00f3rych mog\u0105 czerpa\u0107 m\u0142odsze pokolenia. To seniorzy s\u0105 bowiem \u017ar\u00f3d\u0142em \u017cyciowej m\u0105dro\u015bci, kt\u00f3rej nabywa si\u0119 w\u0142a\u015bnie z up\u0142ywem lat. W tym uroczystym dniu prosz\u0119, aby\u015bcie przyj\u0119li moje najserdeczniejsze \u017cyczenia: aby by\u0142 to dla Pa\u0144stwa okres zas\u0142u\u017conego, prawdziwego odpoczynku i pe\u0142nej satysfakcji z prze\u017cytych lat. Niech jesie\u0144 \u017cycia b\u0119dzie najlepszym czasem do niespe\u0142nionych marze\u0144 i zamierze\u0144 oraz w\u0142a\u015bciwego wykorzystania \u017cyciowej wiedzy. Szanowni Seniorzy \u017cycz\u0119 Wam d\u0142ugich lat \u017cycia w dobrym zdrowiu, pe\u0142nych radosnego ciep\u0142a, pogody ducha, a ka\u017cy dzie\u0144 niech dostarcza Pa\u0144stwu wiele rado\u015bci i u\u015bmiechu na twarzy. Znany ameryka\u0144ski polityk Beniamin Franklin powiedzia\u0142, \u017ce &#8222;Nie starzeje si\u0119 ten, kto nie ma na to czasu&#8221;. Wszystkim Pa\u0144stwu \u017cycz\u0119 zatem braku czasu&#8230;<\/p><\/blockquote>\n<p>&nbsp;<\/p>\n<p>&nbsp;<\/p>\n<p><strong>Fotorelacja:<\/strong><\/p>\n<p>[ngg_images source=&#8221;galleries&#8221; container_ids=&#8221;92&#8243; display_type=&#8221;photocrati-nextgen_basic_thumbnails&#8221; override_thumbnail_settings=&#8221;0&#8243; thumbnail_width=&#8221;100&#8243; thumbnail_height=&#8221;75&#8243; thumbnail_crop=&#8221;1&#8243; images_per_page=&#8221;0&#8243; number_of_columns=&#8221;0&#8243; ajax_pagination=&#8221;0&#8243; show_all_in_lightbox=&#8221;0&#8243; use_imagebrowser_effect=&#8221;0&#8243; show_slideshow_link=&#8221;1&#8243; slideshow_link_text=&#8221;[Pokaz slajd\u00f3w]&#8221; order_by=&#8221;sortorder&#8221; order_direction=&#8221;ASC&#8221; returns=&#8221;included&#8221; maximum_entity_count=&#8221;500&#8243;]<\/p>\n<p>&nbsp;<\/p>\n<p>&nbsp;<\/p>\n<p>&nbsp;<\/p>\n","protected":false},"excerpt":{"rendered":"<p>W pi\u0105tek, 17 listopada, na terenie Szko\u0142y Podstawowej Nr 90 przy ul. Orzechowej odby\u0142y si\u0119 (coroczne) obchody Dnia seniora na Gaju, zorganizowane przez Rad\u0119 Osiedla Gaj oraz Osiedlowy Klub Seniora. Zapraszamy do fotorelacji z wydarzenia.<\/p>\n","protected":false},"author":1,"featured_media":9723,"comment_status":"open","ping_status":"open","sticky":false,"template":"","format":"standard","meta":{"footnotes":""},"categories":[14,12,441],"tags":[316,150,379,112,904,421,903,135,152],"class_list":["post-9673","post","type-post","status-publish","format-standard","has-post-thumbnail","hentry","category-aktualnosci","category-artykuly","category-klub","tag-adam-wojtaszewski","tag-dzien-seniora","tag-dzien-seniora-na-gaju","tag-gaj","tag-jacek-sutryk","tag-klub-seniora-na-gaju","tag-miroslaw-owczarek","tag-rada-osiedla-gaj","tag-seniorzy"],"_links":{"self":[{"href":"https:\/\/online.tvk-gaj.pl\/index.php?rest_route=\/wp\/v2\/posts\/9673","targetHints":{"allow":["GET"]}}],"collection":[{"href":"https:\/\/online.tvk-gaj.pl\/index.php?rest_route=\/wp\/v2\/posts"}],"about":[{"href":"https:\/\/online.tvk-gaj.pl\/index.php?rest_route=\/wp\/v2\/types\/post"}],"author":[{"embeddable":true,"href":"https:\/\/online.tvk-gaj.pl\/index.php?rest_route=\/wp\/v2\/users\/1"}],"replies":[{"embeddable":true,"href":"https:\/\/online.tvk-gaj.pl\/index.php?rest_route=%2Fwp%2Fv2%2Fcomments&post=9673"}],"version-history":[{"count":3,"href":"https:\/\/online.tvk-gaj.pl\/index.php?rest_route=\/wp\/v2\/posts\/9673\/revisions"}],"predecessor-version":[{"id":9724,"href":"https:\/\/online.tvk-gaj.pl\/index.php?rest_route=\/wp\/v2\/posts\/9673\/revisions\/9724"}],"wp:featuredmedia":[{"embeddable":true,"href":"https:\/\/online.tvk-gaj.pl\/index.php?rest_route=\/wp\/v2\/media\/9723"}],"wp:attachment":[{"href":"https:\/\/online.tvk-gaj.pl\/index.php?rest_route=%2Fwp%2Fv2%2Fmedia&parent=9673"}],"wp:term":[{"taxonomy":"category","embeddable":true,"href":"https:\/\/online.tvk-gaj.pl\/index.php?rest_route=%2Fwp%2Fv2%2Fcategories&post=9673"},{"taxonomy":"post_tag","embeddable":true,"href":"https:\/\/online.tvk-gaj.pl\/index.php?rest_route=%2Fwp%2Fv2%2Ftags&post=9673"}],"curies":[{"name":"wp","href":"https:\/\/api.w.org\/{rel}","templated":true}]}}