{"id":9726,"date":"2017-11-21T22:35:14","date_gmt":"2017-11-21T21:35:14","guid":{"rendered":"http:\/\/www.tvk-gaj.pl\/~gajonline\/?p=9726"},"modified":"2017-11-21T22:35:14","modified_gmt":"2017-11-21T21:35:14","slug":"ogolnomiejska-debata-o-przyszlosci-rad-osiedli","status":"publish","type":"post","link":"https:\/\/online.tvk-gaj.pl\/?p=9726","title":{"rendered":"Og\u00f3lnomiejska debata o przysz\u0142o\u015bci rad osiedli"},"content":{"rendered":"<p>W miniony pi\u0105tek, 17 listopada, w Centrum Historii Zajezdnia odby\u0142a si\u0119 og\u00f3lnomiejska debata w\u0142adz miasta z radnymi osiedlowymi po\u015bwi\u0119cona idei decentralizacji w\u0142adzy we Wroc\u0142awiu.<!--more--><\/p>\n<p>&nbsp;<\/p>\n<p><a href=\"http:\/\/www.tvk-gaj.pl\/~gajonline\/wp-content\/uploads\/2017\/11\/IMG_20171117_120551.jpg\"><img loading=\"lazy\" decoding=\"async\" class=\"aligncenter wp-image-9727 size-large\" src=\"http:\/\/www.tvk-gaj.pl\/~gajonline\/wp-content\/uploads\/2017\/11\/IMG_20171117_120551-768x1024.jpg\" alt=\"\" width=\"768\" height=\"1024\" srcset=\"https:\/\/online.tvk-gaj.pl\/wp-content\/uploads\/2017\/11\/IMG_20171117_120551-768x1024.jpg 768w, https:\/\/online.tvk-gaj.pl\/wp-content\/uploads\/2017\/11\/IMG_20171117_120551-225x300.jpg 225w\" sizes=\"auto, (max-width: 768px) 100vw, 768px\" \/><\/a><\/p>\n<p>&nbsp;<\/p>\n<p>Na spotkaniu pojawili si\u0119 m.in. Prezydent Wroc\u0142awia Rafa\u0142 Dutkiewicz oraz historyk prof. Marcin Kr\u00f3l. Rada Osiedla Gaj r\u00f3wnie\u017c wzi\u0119\u0142a udzia\u0142 w debacie. Wed\u0142ug g\u0142osu w\u0142odarzy Wroc\u0142awia istnieje pomys\u0142, aby od 2021r. rady osiedli przej\u0119\u0142y cze\u015b\u0107 miejskich obowi\u0105zk\u00f3w w ramach idei tworzenia struktur w\u0142adzy lokalnej, samorz\u0105dowej ju\u017c na poziomie osiedli. Jest to kolejny g\u0142os w dyskusji tocz\u0105cej si\u0119 od blisko 2 dekad, a maj\u0105cej na celu wzmocni\u0107 lokalne samorz\u0105dy w realne instrumenty prawne i bud\u017cetowe, tak, aby osiedlowi radni mieli realny wp\u0142yw na \u017cycie mieszka\u0144c\u00f3w swojego rejonu.<\/p>\n<p>&nbsp;<\/p>\n<p><a href=\"http:\/\/www.tvk-gaj.pl\/~gajonline\/wp-content\/uploads\/2017\/11\/Marcin-Kr\u00f3l.jpg\"><img loading=\"lazy\" decoding=\"async\" class=\"aligncenter size-large wp-image-9728\" src=\"http:\/\/www.tvk-gaj.pl\/~gajonline\/wp-content\/uploads\/2017\/11\/Marcin-Kr\u00f3l-1024x806.jpg\" alt=\"\" width=\"838\" height=\"660\" srcset=\"https:\/\/online.tvk-gaj.pl\/wp-content\/uploads\/2017\/11\/Marcin-Kr\u00f3l-1024x806.jpg 1024w, https:\/\/online.tvk-gaj.pl\/wp-content\/uploads\/2017\/11\/Marcin-Kr\u00f3l-300x236.jpg 300w, https:\/\/online.tvk-gaj.pl\/wp-content\/uploads\/2017\/11\/Marcin-Kr\u00f3l-768x604.jpg 768w, https:\/\/online.tvk-gaj.pl\/wp-content\/uploads\/2017\/11\/Marcin-Kr\u00f3l.jpg 1276w\" sizes=\"auto, (max-width: 838px) 100vw, 838px\" \/><\/a><\/p>\n<p>&nbsp;<\/p>\n<p>&nbsp;<\/p>\n<p>&nbsp;<\/p>\n","protected":false},"excerpt":{"rendered":"<p>W miniony pi\u0105tek, 17 listopada, w Centrum Historii Zajezdnia odby\u0142a si\u0119 og\u00f3lnomiejska debata w\u0142adz miasta z radnymi osiedlowymi po\u015bwi\u0119cona idei decentralizacji w\u0142adzy we Wroc\u0142awiu.<\/p>\n","protected":false},"author":1,"featured_media":9727,"comment_status":"open","ping_status":"open","sticky":false,"template":"","format":"standard","meta":{"footnotes":""},"categories":[14],"tags":[909,906,112,908,135,403,905,471,165,907],"class_list":["post-9726","post","type-post","status-publish","format-standard","has-post-thumbnail","hentry","category-aktualnosci","tag-centrum-historii-zajezdnia","tag-debata","tag-gaj","tag-prof-maciej-krol","tag-rada-osiedla-gaj","tag-radni-osiedlowi","tag-rady-osiedli","tag-rafal-dutkiewicz","tag-wroclaw","tag-wladza"],"_links":{"self":[{"href":"https:\/\/online.tvk-gaj.pl\/index.php?rest_route=\/wp\/v2\/posts\/9726","targetHints":{"allow":["GET"]}}],"collection":[{"href":"https:\/\/online.tvk-gaj.pl\/index.php?rest_route=\/wp\/v2\/posts"}],"about":[{"href":"https:\/\/online.tvk-gaj.pl\/index.php?rest_route=\/wp\/v2\/types\/post"}],"author":[{"embeddable":true,"href":"https:\/\/online.tvk-gaj.pl\/index.php?rest_route=\/wp\/v2\/users\/1"}],"replies":[{"embeddable":true,"href":"https:\/\/online.tvk-gaj.pl\/index.php?rest_route=%2Fwp%2Fv2%2Fcomments&post=9726"}],"version-history":[{"count":1,"href":"https:\/\/online.tvk-gaj.pl\/index.php?rest_route=\/wp\/v2\/posts\/9726\/revisions"}],"predecessor-version":[{"id":9729,"href":"https:\/\/online.tvk-gaj.pl\/index.php?rest_route=\/wp\/v2\/posts\/9726\/revisions\/9729"}],"wp:featuredmedia":[{"embeddable":true,"href":"https:\/\/online.tvk-gaj.pl\/index.php?rest_route=\/wp\/v2\/media\/9727"}],"wp:attachment":[{"href":"https:\/\/online.tvk-gaj.pl\/index.php?rest_route=%2Fwp%2Fv2%2Fmedia&parent=9726"}],"wp:term":[{"taxonomy":"category","embeddable":true,"href":"https:\/\/online.tvk-gaj.pl\/index.php?rest_route=%2Fwp%2Fv2%2Fcategories&post=9726"},{"taxonomy":"post_tag","embeddable":true,"href":"https:\/\/online.tvk-gaj.pl\/index.php?rest_route=%2Fwp%2Fv2%2Ftags&post=9726"}],"curies":[{"name":"wp","href":"https:\/\/api.w.org\/{rel}","templated":true}]}}