{"id":9735,"date":"2017-11-28T23:05:06","date_gmt":"2017-11-28T22:05:06","guid":{"rendered":"http:\/\/www.tvk-gaj.pl\/~gajonline\/?p=9735"},"modified":"2017-11-28T23:05:48","modified_gmt":"2017-11-28T22:05:48","slug":"nowy-plac-zabaw-przy-krynickiej","status":"publish","type":"post","link":"https:\/\/online.tvk-gaj.pl\/?p=9735","title":{"rendered":"Nowy plac zabaw przy Krynickiej"},"content":{"rendered":"<p>Trwaj\u0105 prace budowlane zwi\u0105zane z realizacj\u0105 zwyci\u0119skiego projektu Wroc\u0142awskiego Bud\u017cetu Obywatelskiego z 2016r., a konkretnie projektu nr 778 &#8211; budow\u0105 placu zabaw oraz alejek parkowych w skwerze przy ul. Krynickiej 54-92.<!--more--><\/p>\n<p>&nbsp;<\/p>\n<p>Obecnie w podw\u00f3rku pomi\u0119dzy ulicami Krynick\u0105, Zaruskiego,a Bardzk\u0105 trwaj\u0105 prace zimne zwi\u0105zane z przygotowaniem terenu oraz wyznaczanie przebiegu \u015bcie\u017cek i alei. Docelowo powsta\u0107 maj\u0105 nowe \u015bcie\u017cki spacerowe, \u0142awki oraz plac zabaw dla dzieci.<\/p>\n<p>&nbsp;<\/p>\n<p><a href=\"http:\/\/www.tvk-gaj.pl\/~gajonline\/wp-content\/uploads\/2017\/11\/received_1823951317679701.jpeg\"><img loading=\"lazy\" decoding=\"async\" class=\"aligncenter size-large wp-image-9737\" src=\"http:\/\/www.tvk-gaj.pl\/~gajonline\/wp-content\/uploads\/2017\/11\/received_1823951317679701-1024x768.jpeg\" alt=\"\" width=\"838\" height=\"629\" srcset=\"https:\/\/online.tvk-gaj.pl\/wp-content\/uploads\/2017\/11\/received_1823951317679701-1024x768.jpeg 1024w, https:\/\/online.tvk-gaj.pl\/wp-content\/uploads\/2017\/11\/received_1823951317679701-300x225.jpeg 300w, https:\/\/online.tvk-gaj.pl\/wp-content\/uploads\/2017\/11\/received_1823951317679701-768x576.jpeg 768w, https:\/\/online.tvk-gaj.pl\/wp-content\/uploads\/2017\/11\/received_1823951317679701.jpeg 1812w\" sizes=\"auto, (max-width: 838px) 100vw, 838px\" \/><\/a><\/p>\n<p>&nbsp;<\/p>\n<p><a href=\"http:\/\/www.tvk-gaj.pl\/~gajonline\/wp-content\/uploads\/2017\/11\/received_1823951317679701.jpeg\"><img loading=\"lazy\" decoding=\"async\" class=\"aligncenter size-large wp-image-9737\" src=\"http:\/\/www.tvk-gaj.pl\/~gajonline\/wp-content\/uploads\/2017\/11\/received_1823951317679701-1024x768.jpeg\" alt=\"\" width=\"838\" height=\"629\" srcset=\"https:\/\/online.tvk-gaj.pl\/wp-content\/uploads\/2017\/11\/received_1823951317679701-1024x768.jpeg 1024w, https:\/\/online.tvk-gaj.pl\/wp-content\/uploads\/2017\/11\/received_1823951317679701-300x225.jpeg 300w, https:\/\/online.tvk-gaj.pl\/wp-content\/uploads\/2017\/11\/received_1823951317679701-768x576.jpeg 768w, https:\/\/online.tvk-gaj.pl\/wp-content\/uploads\/2017\/11\/received_1823951317679701.jpeg 1812w\" sizes=\"auto, (max-width: 838px) 100vw, 838px\" \/><\/a><\/p>\n<p>&nbsp;<\/p>\n<p><a href=\"http:\/\/www.tvk-gaj.pl\/~gajonline\/wp-content\/uploads\/2017\/11\/received_1823951867679646-1.jpeg\"><img loading=\"lazy\" decoding=\"async\" class=\"aligncenter size-large wp-image-9739\" src=\"http:\/\/www.tvk-gaj.pl\/~gajonline\/wp-content\/uploads\/2017\/11\/received_1823951867679646-1-1024x768.jpeg\" alt=\"\" width=\"838\" height=\"629\" srcset=\"https:\/\/online.tvk-gaj.pl\/wp-content\/uploads\/2017\/11\/received_1823951867679646-1-1024x768.jpeg 1024w, https:\/\/online.tvk-gaj.pl\/wp-content\/uploads\/2017\/11\/received_1823951867679646-1-300x225.jpeg 300w, https:\/\/online.tvk-gaj.pl\/wp-content\/uploads\/2017\/11\/received_1823951867679646-1-768x576.jpeg 768w, https:\/\/online.tvk-gaj.pl\/wp-content\/uploads\/2017\/11\/received_1823951867679646-1.jpeg 1812w\" sizes=\"auto, (max-width: 838px) 100vw, 838px\" \/><\/a><\/p>\n<p>&nbsp;<\/p>\n<p>&nbsp;<\/p>\n<p>&nbsp;<\/p>\n<p><a href=\"http:\/\/www.tvk-gaj.pl\/~gajonline\/wp-content\/uploads\/2016\/11\/Krynicka-54-wiz_1-1-1.jpg\"><img loading=\"lazy\" decoding=\"async\" class=\"aligncenter size-large wp-image-8543\" src=\"http:\/\/www.tvk-gaj.pl\/~gajonline\/wp-content\/uploads\/2016\/11\/Krynicka-54-wiz_1-1-1-1024x415.jpg\" alt=\"\" width=\"838\" height=\"340\" srcset=\"https:\/\/online.tvk-gaj.pl\/wp-content\/uploads\/2016\/11\/Krynicka-54-wiz_1-1-1-1024x415.jpg 1024w, https:\/\/online.tvk-gaj.pl\/wp-content\/uploads\/2016\/11\/Krynicka-54-wiz_1-1-1-300x122.jpg 300w, https:\/\/online.tvk-gaj.pl\/wp-content\/uploads\/2016\/11\/Krynicka-54-wiz_1-1-1-768x311.jpg 768w\" sizes=\"auto, (max-width: 838px) 100vw, 838px\" \/><\/a><\/p>\n<p>O dalszych post\u0119pach prac b\u0119dziemy pisa\u0107 na \u0142amach GajOnline.<\/p>\n<p>&nbsp;<\/p>\n<p>&nbsp;<\/p>\n","protected":false},"excerpt":{"rendered":"<p>Trwaj\u0105 prace budowlane zwi\u0105zane z realizacj\u0105 zwyci\u0119skiego projektu Wroc\u0142awskiego Bud\u017cetu Obywatelskiego z 2016r., a konkretnie projektu nr 778 &#8211; budow\u0105 placu zabaw oraz alejek parkowych w skwerze przy ul. Krynickiej 54-92.<\/p>\n","protected":false},"author":1,"featured_media":9736,"comment_status":"open","ping_status":"open","sticky":false,"template":"","format":"standard","meta":{"footnotes":""},"categories":[14,12],"tags":[197,112,209,809,605,793,915,275,914],"class_list":["post-9735","post","type-post","status-publish","format-standard","has-post-thumbnail","hentry","category-aktualnosci","category-artykuly","tag-bardzka","tag-gaj","tag-krynicka","tag-plac-zabaw","tag-projekt","tag-projekt-778","tag-realizacja","tag-wbo","tag-zaruskiego"],"_links":{"self":[{"href":"https:\/\/online.tvk-gaj.pl\/index.php?rest_route=\/wp\/v2\/posts\/9735","targetHints":{"allow":["GET"]}}],"collection":[{"href":"https:\/\/online.tvk-gaj.pl\/index.php?rest_route=\/wp\/v2\/posts"}],"about":[{"href":"https:\/\/online.tvk-gaj.pl\/index.php?rest_route=\/wp\/v2\/types\/post"}],"author":[{"embeddable":true,"href":"https:\/\/online.tvk-gaj.pl\/index.php?rest_route=\/wp\/v2\/users\/1"}],"replies":[{"embeddable":true,"href":"https:\/\/online.tvk-gaj.pl\/index.php?rest_route=%2Fwp%2Fv2%2Fcomments&post=9735"}],"version-history":[{"count":2,"href":"https:\/\/online.tvk-gaj.pl\/index.php?rest_route=\/wp\/v2\/posts\/9735\/revisions"}],"predecessor-version":[{"id":9741,"href":"https:\/\/online.tvk-gaj.pl\/index.php?rest_route=\/wp\/v2\/posts\/9735\/revisions\/9741"}],"wp:featuredmedia":[{"embeddable":true,"href":"https:\/\/online.tvk-gaj.pl\/index.php?rest_route=\/wp\/v2\/media\/9736"}],"wp:attachment":[{"href":"https:\/\/online.tvk-gaj.pl\/index.php?rest_route=%2Fwp%2Fv2%2Fmedia&parent=9735"}],"wp:term":[{"taxonomy":"category","embeddable":true,"href":"https:\/\/online.tvk-gaj.pl\/index.php?rest_route=%2Fwp%2Fv2%2Fcategories&post=9735"},{"taxonomy":"post_tag","embeddable":true,"href":"https:\/\/online.tvk-gaj.pl\/index.php?rest_route=%2Fwp%2Fv2%2Ftags&post=9735"}],"curies":[{"name":"wp","href":"https:\/\/api.w.org\/{rel}","templated":true}]}}