{"id":9742,"date":"2017-12-06T21:41:27","date_gmt":"2017-12-06T20:41:27","guid":{"rendered":"http:\/\/www.tvk-gaj.pl\/~gajonline\/?p=9742"},"modified":"2017-12-06T21:41:27","modified_gmt":"2017-12-06T20:41:27","slug":"radni-zostali-mikolajami","status":"publish","type":"post","link":"https:\/\/online.tvk-gaj.pl\/?p=9742","title":{"rendered":"Radni zostali miko\u0142ajami"},"content":{"rendered":"<p>Jak co roku, 6 grudnia, wraz ze \u015awi\u0119tym Miko\u0142ajem w osiedlowych przedszkolach pojawili si\u0119 radni osiedla Gaj. Odwiedzi\u0142 dzieci w trzech znajduj\u0105cych si\u0119 na Gaju publicznych przedszkolach &#8211; Przedszkolu nr 49 im. Tysi\u0105clecia Miasta Wroc\u0142awia z ul. Borowskiej, Przedszkolu nr 92 z Bardzkiej oraz po raz pierwszy w Przedszkolu Nr 32 przy ul. K\u0142odzkiej.&nbsp;<!--more--><\/p>\n<p>&nbsp;<\/p>\n<p>Rada Osiedla Gaj przeznaczy\u0142a w tym roku 4200z\u0142 na dofinansowanie gier i zabawek dla dzieci z przedszkoli na Gaju.&nbsp;<\/p>\n<p>&nbsp;<\/p>\n<p><a href=\"http:\/\/www.tvk-gaj.pl\/~gajonline\/wp-content\/uploads\/2013\/12\/PC0601661.jpg\"><img loading=\"lazy\" decoding=\"async\" class=\"aligncenter size-large wp-image-1952\" src=\"http:\/\/www.tvk-gaj.pl\/~gajonline\/wp-content\/uploads\/2013\/12\/PC0601661-1024x501.jpg\" alt=\"\" width=\"838\" height=\"410\" srcset=\"https:\/\/online.tvk-gaj.pl\/wp-content\/uploads\/2013\/12\/PC0601661-1024x501.jpg 1024w, https:\/\/online.tvk-gaj.pl\/wp-content\/uploads\/2013\/12\/PC0601661-300x146.jpg 300w, https:\/\/online.tvk-gaj.pl\/wp-content\/uploads\/2013\/12\/PC0601661.jpg 1984w\" sizes=\"auto, (max-width: 838px) 100vw, 838px\" \/><\/a><\/p>\n<p>&nbsp;<\/p>\n<p>Zakupione pomoce dydaktyczne (gry, zabawki, materia\u0142y dydaktyczne) przekazane zosta\u0142y bezpo\u015brednio plac\u00f3wkom i wraz z zorganizowanymi przez przedszkola uroczysto\u015bciami miko\u0142ajkowymi uroczy\u015bcie wr\u0119czone przez \u015aw. Miko\u0142aja. Dofinansowanie obj\u0119\u0142o Przedszkola Nr 32, 49 i 92.&nbsp;<\/p>\n<p>Ide\u0105 akcji jest wsparcie instytucji edukacyjnych znajduj\u0105cych si\u0119 na Gaju.&nbsp;<\/p>\n<p>&nbsp;<\/p>\n<p><strong>Przedszkole Nr 49&nbsp;im. Tysi\u0105clecia Miasta Wroc\u0142awia &#8211; ul. Borowska 181-187<\/strong><\/p>\n<p>&nbsp;<\/p>\n<p><a href=\"http:\/\/www.tvk-gaj.pl\/~gajonline\/wp-content\/uploads\/2017\/12\/c072335-1024x768.jpg\"><img loading=\"lazy\" decoding=\"async\" class=\"aligncenter size-large wp-image-9744\" src=\"http:\/\/www.tvk-gaj.pl\/~gajonline\/wp-content\/uploads\/2017\/12\/c072335-1024x768-1024x768.jpg\" alt=\"\" width=\"838\" height=\"629\" srcset=\"https:\/\/online.tvk-gaj.pl\/wp-content\/uploads\/2017\/12\/c072335-1024x768.jpg 1024w, https:\/\/online.tvk-gaj.pl\/wp-content\/uploads\/2017\/12\/c072335-1024x768-300x225.jpg 300w, https:\/\/online.tvk-gaj.pl\/wp-content\/uploads\/2017\/12\/c072335-1024x768-768x576.jpg 768w\" sizes=\"auto, (max-width: 838px) 100vw, 838px\" \/><\/a><\/p>\n<p>&nbsp;<\/p>\n<p>&nbsp;<\/p>\n<p><strong>Przedszkole Nr 92 &#8211; ul. Bardzka 5<\/strong><\/p>\n<p>&nbsp;<\/p>\n<p><a href=\"http:\/\/www.tvk-gaj.pl\/~gajonline\/wp-content\/uploads\/2017\/12\/P1050587.jpg\"><img loading=\"lazy\" decoding=\"async\" class=\"aligncenter size-large wp-image-9745\" src=\"http:\/\/www.tvk-gaj.pl\/~gajonline\/wp-content\/uploads\/2017\/12\/P1050587-1024x768.jpg\" alt=\"\" width=\"838\" height=\"629\" srcset=\"https:\/\/online.tvk-gaj.pl\/wp-content\/uploads\/2017\/12\/P1050587-1024x768.jpg 1024w, https:\/\/online.tvk-gaj.pl\/wp-content\/uploads\/2017\/12\/P1050587-300x225.jpg 300w, https:\/\/online.tvk-gaj.pl\/wp-content\/uploads\/2017\/12\/P1050587-768x576.jpg 768w\" sizes=\"auto, (max-width: 838px) 100vw, 838px\" \/><\/a><\/p>\n<p>&nbsp;<\/p>\n<p><strong>Przedszkole Nr 32 &#8211; ul. K\u0142odzka 40<\/strong><\/p>\n<p>&nbsp;<\/p>\n<p><a href=\"http:\/\/www.tvk-gaj.pl\/~gajonline\/wp-content\/uploads\/2017\/12\/cropped-fotaDDA702C0-BFB5-4F18-9E4F-873DCBDBC114.jpg\"><img loading=\"lazy\" decoding=\"async\" class=\"aligncenter size-large wp-image-9743\" src=\"http:\/\/www.tvk-gaj.pl\/~gajonline\/wp-content\/uploads\/2017\/12\/cropped-fotaDDA702C0-BFB5-4F18-9E4F-873DCBDBC114-1024x283.jpg\" alt=\"\" width=\"838\" height=\"232\" srcset=\"https:\/\/online.tvk-gaj.pl\/wp-content\/uploads\/2017\/12\/cropped-fotaDDA702C0-BFB5-4F18-9E4F-873DCBDBC114-1024x283.jpg 1024w, https:\/\/online.tvk-gaj.pl\/wp-content\/uploads\/2017\/12\/cropped-fotaDDA702C0-BFB5-4F18-9E4F-873DCBDBC114-300x83.jpg 300w, https:\/\/online.tvk-gaj.pl\/wp-content\/uploads\/2017\/12\/cropped-fotaDDA702C0-BFB5-4F18-9E4F-873DCBDBC114-768x212.jpg 768w\" sizes=\"auto, (max-width: 838px) 100vw, 838px\" \/><\/a><\/p>\n<p>&nbsp;<\/p>\n<p>&nbsp;<\/p>\n","protected":false},"excerpt":{"rendered":"<p>Jak co roku, 6 grudnia, wraz ze \u015awi\u0119tym Miko\u0142ajem w osiedlowych przedszkolach pojawili si\u0119 radni osiedla Gaj. Odwiedzi\u0142 dzieci w trzech znajduj\u0105cych si\u0119 na Gaju publicznych przedszkolach &#8211; Przedszkolu nr 49 im. Tysi\u0105clecia Miasta Wroc\u0142awia z ul. Borowskiej, Przedszkolu nr 92 z Bardzkiej oraz po raz pierwszy w Przedszkolu Nr 32 przy ul. K\u0142odzkiej.&nbsp;<\/p>\n","protected":false},"author":1,"featured_media":5278,"comment_status":"open","ping_status":"open","sticky":false,"template":"","format":"standard","meta":{"footnotes":""},"categories":[14,12],"tags":[197,113,400,235,173,179,918,917,176,135,916],"class_list":["post-9742","post","type-post","status-publish","format-standard","has-post-thumbnail","hentry","category-aktualnosci","category-artykuly","tag-bardzka","tag-borowska","tag-dzieci","tag-klodzka","tag-mikolajki","tag-mikolajki-osiedlowe","tag-prezenty-od-rady-osiedla-gaj","tag-przedszkola","tag-przedszkole","tag-rada-osiedla-gaj","tag-swiety-mikolaj"],"_links":{"self":[{"href":"https:\/\/online.tvk-gaj.pl\/index.php?rest_route=\/wp\/v2\/posts\/9742","targetHints":{"allow":["GET"]}}],"collection":[{"href":"https:\/\/online.tvk-gaj.pl\/index.php?rest_route=\/wp\/v2\/posts"}],"about":[{"href":"https:\/\/online.tvk-gaj.pl\/index.php?rest_route=\/wp\/v2\/types\/post"}],"author":[{"embeddable":true,"href":"https:\/\/online.tvk-gaj.pl\/index.php?rest_route=\/wp\/v2\/users\/1"}],"replies":[{"embeddable":true,"href":"https:\/\/online.tvk-gaj.pl\/index.php?rest_route=%2Fwp%2Fv2%2Fcomments&post=9742"}],"version-history":[{"count":3,"href":"https:\/\/online.tvk-gaj.pl\/index.php?rest_route=\/wp\/v2\/posts\/9742\/revisions"}],"predecessor-version":[{"id":9748,"href":"https:\/\/online.tvk-gaj.pl\/index.php?rest_route=\/wp\/v2\/posts\/9742\/revisions\/9748"}],"wp:featuredmedia":[{"embeddable":true,"href":"https:\/\/online.tvk-gaj.pl\/index.php?rest_route=\/wp\/v2\/media\/5278"}],"wp:attachment":[{"href":"https:\/\/online.tvk-gaj.pl\/index.php?rest_route=%2Fwp%2Fv2%2Fmedia&parent=9742"}],"wp:term":[{"taxonomy":"category","embeddable":true,"href":"https:\/\/online.tvk-gaj.pl\/index.php?rest_route=%2Fwp%2Fv2%2Fcategories&post=9742"},{"taxonomy":"post_tag","embeddable":true,"href":"https:\/\/online.tvk-gaj.pl\/index.php?rest_route=%2Fwp%2Fv2%2Ftags&post=9742"}],"curies":[{"name":"wp","href":"https:\/\/api.w.org\/{rel}","templated":true}]}}