{"id":9750,"date":"2017-12-07T21:52:06","date_gmt":"2017-12-07T20:52:06","guid":{"rendered":"http:\/\/www.tvk-gaj.pl\/~gajonline\/?p=9750"},"modified":"2017-12-14T18:11:24","modified_gmt":"2017-12-14T17:11:24","slug":"glosujemy-na-zielone-projekty-wbo","status":"publish","type":"post","link":"https:\/\/online.tvk-gaj.pl\/?p=9750","title":{"rendered":"G\u0142osujemy na zielone projekty WBO!"},"content":{"rendered":"<p>Uwaga! Wystartowa\u0142o dodatkowe g\u0142osowanie w ramach&nbsp;<a class=\"_58cn\" href=\"https:\/\/www.facebook.com\/hashtag\/zielonewbo?source=feed_text&amp;story_id=1699994983364689\" data-ft=\"{&quot;tn&quot;:&quot;*N&quot;,&quot;type&quot;:104}\"><span class=\"_5afx\"><span class=\"_58cl _5afz\" aria-label=\"znacznik #\">#<\/span><span class=\"_58cm\">zieloneWBO<\/span><\/span><\/a>Do 13 grudnia, drog\u0105 elektroniczn\u0105, mo\u017cna odda\u0107 g\u0142os na dwa projekty: jeden ma\u0142y do 250 tys. z\u0142 i jeden du\u017cy, do 500 tys. z\u0142. Wynikiem g\u0142osowania b\u0119dzie wyb\u00f3r 8 najpopularniejszych (6 ma\u0142ych, 2 du\u017ce) zielonych projekt\u00f3w, kt\u00f3re zostan\u0105 jeszcze przekonsultowane z mieszka\u0144cami, a ich realizacja rozpocznie si\u0119 w roku 2019. Serdecznie zach\u0119camy do g\u0142osowania na projekty 163 (Park pod Wzg\u00f3rzem Gajowym) oraz 456 (nasadzenia drzew na ul. \u015awieradowskiej).<!--more--><\/p>\n<p>&nbsp;<\/p>\n<p><strong>Dodatkowe g\u0142osowanie do Wroc\u0142awskiego Bud\u017cetu Obywatelskiego 2017:<\/strong><\/p>\n<p>&nbsp;<\/p>\n<p><a href=\"http:\/\/www.tvk-gaj.pl\/~gajonline\/wp-content\/uploads\/2017\/12\/WBO_ZIELONY_2018.jpg\"><img loading=\"lazy\" decoding=\"async\" class=\"aligncenter size-large wp-image-9751\" src=\"http:\/\/www.tvk-gaj.pl\/~gajonline\/wp-content\/uploads\/2017\/12\/WBO_ZIELONY_2018-1024x1024.jpg\" alt=\"\" width=\"838\" height=\"838\" srcset=\"https:\/\/online.tvk-gaj.pl\/wp-content\/uploads\/2017\/12\/WBO_ZIELONY_2018-1024x1024.jpg 1024w, https:\/\/online.tvk-gaj.pl\/wp-content\/uploads\/2017\/12\/WBO_ZIELONY_2018-150x150.jpg 150w, https:\/\/online.tvk-gaj.pl\/wp-content\/uploads\/2017\/12\/WBO_ZIELONY_2018-300x300.jpg 300w, https:\/\/online.tvk-gaj.pl\/wp-content\/uploads\/2017\/12\/WBO_ZIELONY_2018-768x768.jpg 768w, https:\/\/online.tvk-gaj.pl\/wp-content\/uploads\/2017\/12\/WBO_ZIELONY_2018-160x160.jpg 160w, https:\/\/online.tvk-gaj.pl\/wp-content\/uploads\/2017\/12\/WBO_ZIELONY_2018-240x240.jpg 240w, https:\/\/online.tvk-gaj.pl\/wp-content\/uploads\/2017\/12\/WBO_ZIELONY_2018-60x60.jpg 60w, https:\/\/online.tvk-gaj.pl\/wp-content\/uploads\/2017\/12\/WBO_ZIELONY_2018-184x184.jpg 184w, https:\/\/online.tvk-gaj.pl\/wp-content\/uploads\/2017\/12\/WBO_ZIELONY_2018.jpg 1080w\" sizes=\"auto, (max-width: 838px) 100vw, 838px\" \/><\/a><\/p>\n<p>&nbsp;<\/p>\n<p><strong>G\u0142osujemy:<\/strong><\/p>\n<ul>\n<li><span style=\"font-family: Calibri; font-size: medium;\">w okresie 6 -13 grudnia (do godz.23:59)<br \/>\n<\/span><\/li>\n<li><span style=\"font-family: Calibri; font-size: medium;\">wy\u0142\u0105cznie drog\u0105 elektroniczn\u0105 &#8211;&nbsp;<\/span><a href=\"http:\/\/www.wroclaw.pl\/rozmawia\" target=\"_blank\" rel=\"noopener\" data-saferedirecturl=\"https:\/\/www.google.com\/url?hl=pl&amp;q=http:\/\/www.wroclaw.pl\/rozmawia&amp;source=gmail&amp;ust=1512765217212000&amp;usg=AFQjCNFzBEoBMsiiqcdYvvqfivgclZFmFg\"><span style=\"font-family: Calibri; font-size: medium;\">www.wroclaw.pl\/rozmawia<\/span><\/a><span style=\"font-family: Calibri; font-size: medium;\"><br \/>\n<\/span><\/li>\n<li><span style=\"font-family: Calibri; font-size: medium;\">tylko raz &#8211; wszyscy u\u017cytkownicy miasta, bez wzgl\u0119du na wiek.<br \/>\n<\/span><\/li>\n<li><span style=\"font-family: Calibri; font-size: medium;\">na maksymalnie dwa projekty: jeden ma\u0142y do 250 tys. z\u0142 i jeden du\u017cy, do 500 tys. z\u0142<br \/>\n<\/span><\/li>\n<li><span style=\"font-family: Calibri; font-size: medium;\">&#8230; a wynikiem g\u0142osowania b\u0119dzie wyb\u00f3r 8 najpopularniejszych (6 ma\u0142ych, 2 du\u017ce) zielonych projekt\u00f3w, kt\u00f3re zostan\u0105 jeszcze przekonsultowane z mieszka\u0144cami, a ich realizacja rozpocznie si\u0119 w roku 2019.&nbsp;<\/span><\/li>\n<\/ul>\n<p>&nbsp;<\/p>\n<p><a href=\"http:\/\/www.tvk-gaj.pl\/~gajonline\/wp-content\/uploads\/2017\/12\/infografika.png\"><img loading=\"lazy\" decoding=\"async\" class=\"aligncenter size-large wp-image-9755\" src=\"http:\/\/www.tvk-gaj.pl\/~gajonline\/wp-content\/uploads\/2017\/12\/infografika-440x1024.png\" alt=\"\" width=\"440\" height=\"1024\" srcset=\"https:\/\/online.tvk-gaj.pl\/wp-content\/uploads\/2017\/12\/infografika-440x1024.png 440w, https:\/\/online.tvk-gaj.pl\/wp-content\/uploads\/2017\/12\/infografika-129x300.png 129w, https:\/\/online.tvk-gaj.pl\/wp-content\/uploads\/2017\/12\/infografika-768x1788.png 768w, https:\/\/online.tvk-gaj.pl\/wp-content\/uploads\/2017\/12\/infografika.png 800w\" sizes=\"auto, (max-width: 440px) 100vw, 440px\" \/><\/a><\/p>\n<p>&nbsp;<\/p>\n<p>&nbsp;<\/p>\n<p><strong>Projekty wspierane przez Rad\u0119 Osiedla Gaj:<\/strong><\/p>\n<p>&nbsp;<\/p>\n<p><a href=\"http:\/\/www.tvk-gaj.pl\/~gajonline\/wp-content\/uploads\/2017\/12\/163.png\"><img loading=\"lazy\" decoding=\"async\" class=\"aligncenter size-full wp-image-9752\" src=\"http:\/\/www.tvk-gaj.pl\/~gajonline\/wp-content\/uploads\/2017\/12\/163.png\" alt=\"\" width=\"903\" height=\"242\" srcset=\"https:\/\/online.tvk-gaj.pl\/wp-content\/uploads\/2017\/12\/163.png 903w, https:\/\/online.tvk-gaj.pl\/wp-content\/uploads\/2017\/12\/163-300x80.png 300w, https:\/\/online.tvk-gaj.pl\/wp-content\/uploads\/2017\/12\/163-768x206.png 768w\" sizes=\"auto, (max-width: 903px) 100vw, 903px\" \/><\/a><\/p>\n<p><a href=\"http:\/\/www.tvk-gaj.pl\/~gajonline\/wp-content\/uploads\/2017\/12\/456.png\"><img loading=\"lazy\" decoding=\"async\" class=\"aligncenter size-full wp-image-9753\" src=\"http:\/\/www.tvk-gaj.pl\/~gajonline\/wp-content\/uploads\/2017\/12\/456.png\" alt=\"\" width=\"909\" height=\"221\" srcset=\"https:\/\/online.tvk-gaj.pl\/wp-content\/uploads\/2017\/12\/456.png 909w, https:\/\/online.tvk-gaj.pl\/wp-content\/uploads\/2017\/12\/456-300x73.png 300w, https:\/\/online.tvk-gaj.pl\/wp-content\/uploads\/2017\/12\/456-768x187.png 768w\" sizes=\"auto, (max-width: 909px) 100vw, 909px\" \/><\/a><\/p>\n<p>&nbsp;<\/p>\n<p><strong>Serdecznie zach\u0119camy do g\u0142osowania!<\/strong><\/p>\n<p>&nbsp;<\/p>\n","protected":false},"excerpt":{"rendered":"<p>Uwaga! Wystartowa\u0142o dodatkowe g\u0142osowanie w ramach&nbsp;#zieloneWBODo 13 grudnia, drog\u0105 elektroniczn\u0105, mo\u017cna odda\u0107 g\u0142os na dwa projekty: jeden ma\u0142y do 250 tys. z\u0142 i jeden du\u017cy, do 500 tys. z\u0142. Wynikiem g\u0142osowania b\u0119dzie wyb\u00f3r 8 najpopularniejszych (6 ma\u0142ych, 2 du\u017ce) zielonych projekt\u00f3w, kt\u00f3re zostan\u0105 jeszcze przekonsultowane z mieszka\u0144cami, a ich realizacja rozpocznie si\u0119 w roku 2019. [&hellip;]<\/p>\n","protected":false},"author":1,"featured_media":9751,"comment_status":"open","ping_status":"open","sticky":false,"template":"","format":"standard","meta":{"footnotes":""},"categories":[14],"tags":[197,532,112,166,443,920,117,275,902,344,301,919],"class_list":["post-9750","post","type-post","status-publish","format-standard","has-post-thumbnail","hentry","category-aktualnosci","tag-bardzka","tag-drzewa","tag-gaj","tag-osiedle-gaj","tag-park","tag-projekty-osiedlowe","tag-swieradowska","tag-wbo","tag-wbo-2017","tag-wroclawski-budzet-obywatelski","tag-wzgorze-gajowe","tag-zielone-wbo"],"_links":{"self":[{"href":"https:\/\/online.tvk-gaj.pl\/index.php?rest_route=\/wp\/v2\/posts\/9750","targetHints":{"allow":["GET"]}}],"collection":[{"href":"https:\/\/online.tvk-gaj.pl\/index.php?rest_route=\/wp\/v2\/posts"}],"about":[{"href":"https:\/\/online.tvk-gaj.pl\/index.php?rest_route=\/wp\/v2\/types\/post"}],"author":[{"embeddable":true,"href":"https:\/\/online.tvk-gaj.pl\/index.php?rest_route=\/wp\/v2\/users\/1"}],"replies":[{"embeddable":true,"href":"https:\/\/online.tvk-gaj.pl\/index.php?rest_route=%2Fwp%2Fv2%2Fcomments&post=9750"}],"version-history":[{"count":3,"href":"https:\/\/online.tvk-gaj.pl\/index.php?rest_route=\/wp\/v2\/posts\/9750\/revisions"}],"predecessor-version":[{"id":9756,"href":"https:\/\/online.tvk-gaj.pl\/index.php?rest_route=\/wp\/v2\/posts\/9750\/revisions\/9756"}],"wp:featuredmedia":[{"embeddable":true,"href":"https:\/\/online.tvk-gaj.pl\/index.php?rest_route=\/wp\/v2\/media\/9751"}],"wp:attachment":[{"href":"https:\/\/online.tvk-gaj.pl\/index.php?rest_route=%2Fwp%2Fv2%2Fmedia&parent=9750"}],"wp:term":[{"taxonomy":"category","embeddable":true,"href":"https:\/\/online.tvk-gaj.pl\/index.php?rest_route=%2Fwp%2Fv2%2Fcategories&post=9750"},{"taxonomy":"post_tag","embeddable":true,"href":"https:\/\/online.tvk-gaj.pl\/index.php?rest_route=%2Fwp%2Fv2%2Ftags&post=9750"}],"curies":[{"name":"wp","href":"https:\/\/api.w.org\/{rel}","templated":true}]}}