{"id":9808,"date":"2017-12-09T16:39:45","date_gmt":"2017-12-09T15:39:45","guid":{"rendered":"http:\/\/www.tvk-gaj.pl\/~gajonline\/?p=9808"},"modified":"2017-12-14T18:11:29","modified_gmt":"2017-12-14T17:11:29","slug":"wigilia-osiedla-gaj-fotorelacja","status":"publish","type":"post","link":"https:\/\/online.tvk-gaj.pl\/?p=9808","title":{"rendered":"Wigilia osiedla Gaj &#8211; fotorelacja"},"content":{"rendered":"<p>W miniony pi\u0105tek, 8 grudnia, odby\u0142a si\u0119 osiedlowa wigilia zorganizowana przez Rad\u0119 Osiedla Gaj. Na uroczystej, wigilijnej kolacji pojawili si\u0119 przedstawiciele Rady Osiedla, w\u0142adze miasta, przedstawiciele lokalnego biznesu, organizacji spo\u0142ecznych oraz mieszka\u0144cy i przyjaciele Gaju! Zapraszamy do fotorelacji ze spotkania.<!--more--><\/p>\n<p>&nbsp;<\/p>\n<p>Spotkanie wigilijne odby\u0142o si\u0119 w pi\u0105tek, 8 grudnia, na terenie Zespo\u0142u Szk\u00f3\u0142 Gastronomicznych przy ul. Kamiennej.&nbsp;<\/p>\n<p>&nbsp;<\/p>\n<p><a href=\"http:\/\/www.tvk-gaj.pl\/~gajonline\/wp-content\/uploads\/2017\/12\/2017-12-08-17.06.49.jpg\"><img loading=\"lazy\" decoding=\"async\" class=\"aligncenter size-large wp-image-9810\" src=\"http:\/\/www.tvk-gaj.pl\/~gajonline\/wp-content\/uploads\/2017\/12\/2017-12-08-17.06.49-1024x768.jpg\" alt=\"\" width=\"838\" height=\"629\" srcset=\"https:\/\/online.tvk-gaj.pl\/wp-content\/uploads\/2017\/12\/2017-12-08-17.06.49-1024x768.jpg 1024w, https:\/\/online.tvk-gaj.pl\/wp-content\/uploads\/2017\/12\/2017-12-08-17.06.49-300x225.jpg 300w, https:\/\/online.tvk-gaj.pl\/wp-content\/uploads\/2017\/12\/2017-12-08-17.06.49-768x576.jpg 768w, https:\/\/online.tvk-gaj.pl\/wp-content\/uploads\/2017\/12\/2017-12-08-17.06.49.jpg 2016w\" sizes=\"auto, (max-width: 838px) 100vw, 838px\" \/><\/a><\/p>\n<p>&nbsp;<\/p>\n<p>Spotkanie otworzyli Przewodnicz\u0105cy Rady Osiedla &#8222;GAJ&#8221; &#8211; Pan Adam Wojtaszewski. Nast\u0119pnie g\u0142os zabrali Dyrektor Departamentu spraw spo\u0142ecznych we Wroc\u0142awiu Pan Jacek Sutryk.<\/p>\n<p>\u017byczenia \u015bwi\u0105teczne z\u0142o\u017cy\u0142 przewodnicz\u0105cy Rady Osiedla Gaj:<\/p>\n<blockquote><p>Z okazji nadchodz\u0105cych \u015awi\u0105t Bo\u017cego Narodzenia oraz Nowego Roku pragn\u0119 z\u0142o\u017cy\u0107 najserdeczniejsze \u017cyczenia. Niech nadchodz\u0105ce \u015awi\u0119ta b\u0119d\u0105 dla Was niezapomnianym czasem sp\u0119dzonym bez po\u015bpiechu, trosk i zmartwie\u0144, aby odby\u0142y si\u0119 w spokoju i rado\u015bci, w\u015br\u00f3d rodziny, przyjaci\u00f3\u0142 oraz wszystkich Wam bliskich os\u00f3b.<\/p><\/blockquote>\n<p>&nbsp;<\/p>\n<p>Wyst\u0105pili r\u00f3wnie\u017c zaproszeni go\u015bcie, w tym m.in przedstawiciele organizacji spo\u0142ecznych (m.in. zwi\u0105zki emeryt\u00f3w, MOPS) oraz darczy\u0144cy Rady Osiedla.&nbsp;<\/p>\n<p>&nbsp;<\/p>\n<p><a href=\"http:\/\/www.tvk-gaj.pl\/~gajonline\/wp-content\/uploads\/2017\/12\/2017-12-08-17.12.32.jpg\"><img loading=\"lazy\" decoding=\"async\" class=\"aligncenter size-large wp-image-9812\" src=\"http:\/\/www.tvk-gaj.pl\/~gajonline\/wp-content\/uploads\/2017\/12\/2017-12-08-17.12.32-1024x768.jpg\" alt=\"\" width=\"838\" height=\"629\" srcset=\"https:\/\/online.tvk-gaj.pl\/wp-content\/uploads\/2017\/12\/2017-12-08-17.12.32-1024x768.jpg 1024w, https:\/\/online.tvk-gaj.pl\/wp-content\/uploads\/2017\/12\/2017-12-08-17.12.32-300x225.jpg 300w, https:\/\/online.tvk-gaj.pl\/wp-content\/uploads\/2017\/12\/2017-12-08-17.12.32-768x576.jpg 768w, https:\/\/online.tvk-gaj.pl\/wp-content\/uploads\/2017\/12\/2017-12-08-17.12.32.jpg 2016w\" sizes=\"auto, (max-width: 838px) 100vw, 838px\" \/><\/a><\/p>\n<p>&nbsp;<\/p>\n<p>W wigilii uczestniczyli m.in. Dyrektor Szko\u0142y Podstawowej Nr 90 Joanna Sinicka, Stra\u017cnik Osiedlowy Sebastian Go\u0142owacz, W\u0142a\u015bciciel Sklepu Aga Ryszard Konopka, Przedstawiciel urz\u0119du miasta Artur Iwan, Radna Rady Miejskiej Wroc\u0142awia Agnieszka Rybczak, Prezes i wiceprezes Centrum Handlowego &#8222;Gaj&#8221; Wojciech Kobierski i Pawe\u0142 Rybczak, Zarz\u0105dca Centrum Handlowego Ferio Gaj Natalia Glanowska, Prezes Uczniowskiego Osiedlowego Klubu Pi\u0142karskiego Renato D\u017cugaj, reprezentant kraju w pi\u0142k\u0119 no\u017cn\u0105 Waldemar Prusik, Przewodnicz\u0105ca Ko\u0142a Nr 8 Polskiego Zwi\u0105zku Emeryt\u00f3w, Rencist\u00f3w i Inwalid\u00f3w RP Urszula Musia\u0142, aktor Miros\u0142aw Majcherek. Na spotkaniu pojawili si\u0119 r\u00f3wnie\u017c starsi mieszka\u0144cy Gaju.<\/p>\n<p>&nbsp;<\/p>\n<p><a href=\"http:\/\/www.tvk-gaj.pl\/~gajonline\/wp-content\/uploads\/2017\/12\/2017-12-08-18.30.01.jpg\"><img loading=\"lazy\" decoding=\"async\" class=\"aligncenter size-large wp-image-9811\" src=\"http:\/\/www.tvk-gaj.pl\/~gajonline\/wp-content\/uploads\/2017\/12\/2017-12-08-18.30.01-1024x768.jpg\" alt=\"\" width=\"838\" height=\"629\" srcset=\"https:\/\/online.tvk-gaj.pl\/wp-content\/uploads\/2017\/12\/2017-12-08-18.30.01-1024x768.jpg 1024w, https:\/\/online.tvk-gaj.pl\/wp-content\/uploads\/2017\/12\/2017-12-08-18.30.01-300x225.jpg 300w, https:\/\/online.tvk-gaj.pl\/wp-content\/uploads\/2017\/12\/2017-12-08-18.30.01-768x576.jpg 768w, https:\/\/online.tvk-gaj.pl\/wp-content\/uploads\/2017\/12\/2017-12-08-18.30.01.jpg 2016w\" sizes=\"auto, (max-width: 838px) 100vw, 838px\" \/><\/a><\/p>\n<p>&nbsp;<\/p>\n<p>W \u015bwi\u0105tecznej atmosferze wigilijnej kolacji rozmawiano o osiedlu, jego historii, planach na przysz\u0142o\u015b\u0107 oraz o dzia\u0142aniach maj\u0105cych na celu integracj\u0119 mieszka\u0144c\u00f3w Osiedla.<\/p>\n<p>&nbsp;<\/p>\n<p><strong>Zapraszamy do fotorelacji ze spotkania!<\/strong><\/p>\n<p>[ngg_images source=&#8221;galleries&#8221; container_ids=&#8221;93&#8243; display_type=&#8221;photocrati-nextgen_basic_thumbnails&#8221; override_thumbnail_settings=&#8221;0&#8243; thumbnail_width=&#8221;100&#8243; thumbnail_height=&#8221;75&#8243; thumbnail_crop=&#8221;1&#8243; images_per_page=&#8221;0&#8243; number_of_columns=&#8221;0&#8243; ajax_pagination=&#8221;0&#8243; show_all_in_lightbox=&#8221;0&#8243; use_imagebrowser_effect=&#8221;0&#8243; show_slideshow_link=&#8221;1&#8243; slideshow_link_text=&#8221;[Pokaz slajd\u00f3w]&#8221; order_by=&#8221;sortorder&#8221; order_direction=&#8221;ASC&#8221; returns=&#8221;included&#8221; maximum_entity_count=&#8221;500&#8243;]<\/p>\n<p>&nbsp;<\/p>\n<p>&nbsp;<\/p>\n","protected":false},"excerpt":{"rendered":"<p>W miniony pi\u0105tek, 8 grudnia, odby\u0142a si\u0119 osiedlowa wigilia zorganizowana przez Rad\u0119 Osiedla Gaj. Na uroczystej, wigilijnej kolacji pojawili si\u0119 przedstawiciele Rady Osiedla, w\u0142adze miasta, przedstawiciele lokalnego biznesu, organizacji spo\u0142ecznych oraz mieszka\u0144cy i przyjaciele Gaju! Zapraszamy do fotorelacji ze spotkania.<\/p>\n","protected":false},"author":1,"featured_media":9809,"comment_status":"open","ping_status":"open","sticky":false,"template":"","format":"standard","meta":{"footnotes":""},"categories":[14,12],"tags":[112,166,402,921],"class_list":["post-9808","post","type-post","status-publish","format-standard","has-post-thumbnail","hentry","category-aktualnosci","category-artykuly","tag-gaj","tag-osiedle-gaj","tag-wigilia","tag-wigilia-rady-osiedla-gaj"],"_links":{"self":[{"href":"https:\/\/online.tvk-gaj.pl\/index.php?rest_route=\/wp\/v2\/posts\/9808","targetHints":{"allow":["GET"]}}],"collection":[{"href":"https:\/\/online.tvk-gaj.pl\/index.php?rest_route=\/wp\/v2\/posts"}],"about":[{"href":"https:\/\/online.tvk-gaj.pl\/index.php?rest_route=\/wp\/v2\/types\/post"}],"author":[{"embeddable":true,"href":"https:\/\/online.tvk-gaj.pl\/index.php?rest_route=\/wp\/v2\/users\/1"}],"replies":[{"embeddable":true,"href":"https:\/\/online.tvk-gaj.pl\/index.php?rest_route=%2Fwp%2Fv2%2Fcomments&post=9808"}],"version-history":[{"count":2,"href":"https:\/\/online.tvk-gaj.pl\/index.php?rest_route=\/wp\/v2\/posts\/9808\/revisions"}],"predecessor-version":[{"id":9814,"href":"https:\/\/online.tvk-gaj.pl\/index.php?rest_route=\/wp\/v2\/posts\/9808\/revisions\/9814"}],"wp:featuredmedia":[{"embeddable":true,"href":"https:\/\/online.tvk-gaj.pl\/index.php?rest_route=\/wp\/v2\/media\/9809"}],"wp:attachment":[{"href":"https:\/\/online.tvk-gaj.pl\/index.php?rest_route=%2Fwp%2Fv2%2Fmedia&parent=9808"}],"wp:term":[{"taxonomy":"category","embeddable":true,"href":"https:\/\/online.tvk-gaj.pl\/index.php?rest_route=%2Fwp%2Fv2%2Fcategories&post=9808"},{"taxonomy":"post_tag","embeddable":true,"href":"https:\/\/online.tvk-gaj.pl\/index.php?rest_route=%2Fwp%2Fv2%2Ftags&post=9808"}],"curies":[{"name":"wp","href":"https:\/\/api.w.org\/{rel}","templated":true}]}}