{"id":9820,"date":"2017-12-18T21:34:05","date_gmt":"2017-12-18T20:34:05","guid":{"rendered":"http:\/\/www.tvk-gaj.pl\/~gajonline\/?p=9820"},"modified":"2017-12-14T21:41:40","modified_gmt":"2017-12-14T20:41:40","slug":"miejski-informator-osiedla-gaj","status":"publish","type":"post","link":"https:\/\/online.tvk-gaj.pl\/?p=9820","title":{"rendered":"Miejski informator osiedla Gaj"},"content":{"rendered":"<p>Magistrat udost\u0119pni\u0142 oficjalny, miejski informator dotycz\u0105cy plan\u00f3w inwestycyjnych dla Gaju. Publikujemy go specjalnie dla Was!<!--more--><\/p>\n<p>&nbsp;<\/p>\n<p><a href=\"http:\/\/www.tvk-gaj.pl\/~gajonline\/wp-content\/uploads\/2017\/12\/informator-1.jpg\"><img loading=\"lazy\" decoding=\"async\" class=\"aligncenter size-large wp-image-9815\" src=\"http:\/\/www.tvk-gaj.pl\/~gajonline\/wp-content\/uploads\/2017\/12\/informator-1-718x1024.jpg\" alt=\"\" width=\"718\" height=\"1024\" srcset=\"https:\/\/online.tvk-gaj.pl\/wp-content\/uploads\/2017\/12\/informator-1-718x1024.jpg 718w, https:\/\/online.tvk-gaj.pl\/wp-content\/uploads\/2017\/12\/informator-1-210x300.jpg 210w, https:\/\/online.tvk-gaj.pl\/wp-content\/uploads\/2017\/12\/informator-1-768x1095.jpg 768w\" sizes=\"auto, (max-width: 718px) 100vw, 718px\" \/><\/a><\/p>\n<p>&nbsp;<\/p>\n<p><a href=\"http:\/\/www.tvk-gaj.pl\/~gajonline\/wp-content\/uploads\/2017\/12\/informator-2.jpg\"><img loading=\"lazy\" decoding=\"async\" class=\"aligncenter size-large wp-image-9816\" src=\"http:\/\/www.tvk-gaj.pl\/~gajonline\/wp-content\/uploads\/2017\/12\/informator-2-718x1024.jpg\" alt=\"\" width=\"718\" height=\"1024\" srcset=\"https:\/\/online.tvk-gaj.pl\/wp-content\/uploads\/2017\/12\/informator-2-718x1024.jpg 718w, https:\/\/online.tvk-gaj.pl\/wp-content\/uploads\/2017\/12\/informator-2-210x300.jpg 210w, https:\/\/online.tvk-gaj.pl\/wp-content\/uploads\/2017\/12\/informator-2-768x1095.jpg 768w\" sizes=\"auto, (max-width: 718px) 100vw, 718px\" \/><\/a><\/p>\n<p>&nbsp;<\/p>\n<p><a href=\"http:\/\/www.tvk-gaj.pl\/~gajonline\/wp-content\/uploads\/2017\/12\/informator-3.jpg\"><img loading=\"lazy\" decoding=\"async\" class=\"aligncenter size-large wp-image-9817\" src=\"http:\/\/www.tvk-gaj.pl\/~gajonline\/wp-content\/uploads\/2017\/12\/informator-3-718x1024.jpg\" alt=\"\" width=\"718\" height=\"1024\" srcset=\"https:\/\/online.tvk-gaj.pl\/wp-content\/uploads\/2017\/12\/informator-3-718x1024.jpg 718w, https:\/\/online.tvk-gaj.pl\/wp-content\/uploads\/2017\/12\/informator-3-210x300.jpg 210w, https:\/\/online.tvk-gaj.pl\/wp-content\/uploads\/2017\/12\/informator-3-768x1095.jpg 768w\" sizes=\"auto, (max-width: 718px) 100vw, 718px\" \/><\/a><\/p>\n<p>&nbsp;<\/p>\n<p><a href=\"http:\/\/www.tvk-gaj.pl\/~gajonline\/wp-content\/uploads\/2017\/12\/informator-4.jpg\"><img loading=\"lazy\" decoding=\"async\" class=\"aligncenter size-large wp-image-9818\" src=\"http:\/\/www.tvk-gaj.pl\/~gajonline\/wp-content\/uploads\/2017\/12\/informator-4-718x1024.jpg\" alt=\"\" width=\"718\" height=\"1024\" srcset=\"https:\/\/online.tvk-gaj.pl\/wp-content\/uploads\/2017\/12\/informator-4-718x1024.jpg 718w, https:\/\/online.tvk-gaj.pl\/wp-content\/uploads\/2017\/12\/informator-4-210x300.jpg 210w, https:\/\/online.tvk-gaj.pl\/wp-content\/uploads\/2017\/12\/informator-4-768x1095.jpg 768w\" sizes=\"auto, (max-width: 718px) 100vw, 718px\" \/><\/a><\/p>\n<p>&nbsp;<\/p>\n<p>&nbsp;<\/p>\n","protected":false},"excerpt":{"rendered":"<p>Magistrat udost\u0119pni\u0142 oficjalny, miejski informator dotycz\u0105cy plan\u00f3w inwestycyjnych dla Gaju. Publikujemy go specjalnie dla Was!<\/p>\n","protected":false},"author":1,"featured_media":9823,"comment_status":"open","ping_status":"open","sticky":false,"template":"","format":"standard","meta":{"footnotes":""},"categories":[14],"tags":[922,166,135,165],"class_list":["post-9820","post","type-post","status-publish","format-standard","has-post-thumbnail","hentry","category-aktualnosci","tag-informator-miejski","tag-osiedle-gaj","tag-rada-osiedla-gaj","tag-wroclaw"],"_links":{"self":[{"href":"https:\/\/online.tvk-gaj.pl\/index.php?rest_route=\/wp\/v2\/posts\/9820","targetHints":{"allow":["GET"]}}],"collection":[{"href":"https:\/\/online.tvk-gaj.pl\/index.php?rest_route=\/wp\/v2\/posts"}],"about":[{"href":"https:\/\/online.tvk-gaj.pl\/index.php?rest_route=\/wp\/v2\/types\/post"}],"author":[{"embeddable":true,"href":"https:\/\/online.tvk-gaj.pl\/index.php?rest_route=\/wp\/v2\/users\/1"}],"replies":[{"embeddable":true,"href":"https:\/\/online.tvk-gaj.pl\/index.php?rest_route=%2Fwp%2Fv2%2Fcomments&post=9820"}],"version-history":[{"count":2,"href":"https:\/\/online.tvk-gaj.pl\/index.php?rest_route=\/wp\/v2\/posts\/9820\/revisions"}],"predecessor-version":[{"id":9822,"href":"https:\/\/online.tvk-gaj.pl\/index.php?rest_route=\/wp\/v2\/posts\/9820\/revisions\/9822"}],"wp:featuredmedia":[{"embeddable":true,"href":"https:\/\/online.tvk-gaj.pl\/index.php?rest_route=\/wp\/v2\/media\/9823"}],"wp:attachment":[{"href":"https:\/\/online.tvk-gaj.pl\/index.php?rest_route=%2Fwp%2Fv2%2Fmedia&parent=9820"}],"wp:term":[{"taxonomy":"category","embeddable":true,"href":"https:\/\/online.tvk-gaj.pl\/index.php?rest_route=%2Fwp%2Fv2%2Fcategories&post=9820"},{"taxonomy":"post_tag","embeddable":true,"href":"https:\/\/online.tvk-gaj.pl\/index.php?rest_route=%2Fwp%2Fv2%2Ftags&post=9820"}],"curies":[{"name":"wp","href":"https:\/\/api.w.org\/{rel}","templated":true}]}}