{"id":9830,"date":"2017-12-23T19:54:04","date_gmt":"2017-12-23T18:54:04","guid":{"rendered":"http:\/\/www.tvk-gaj.pl\/~gajonline\/?p=9830"},"modified":"2018-01-03T21:29:43","modified_gmt":"2018-01-03T20:29:43","slug":"wesolych-swiat-oraz-szczesliwego-nowego-roku-6","status":"publish","type":"post","link":"https:\/\/online.tvk-gaj.pl\/?p=9830","title":{"rendered":"Weso\u0142ych \u015awi\u0105t oraz Szcz\u0119\u015bliwego Nowego Roku!"},"content":{"rendered":"<p>\u017byczenia pe\u0142nych mi\u0142o\u015bci, spokoju i rodzinnego ciep\u0142a \u015awi\u0105t Bo\u017cego Narodzenia oraz pomy\u015blno\u015bci i samych sukces\u00f3w w nadchodz\u0105cym Nowym Roku &#8211; \u017cycz\u0105 Radni Osiedla Gaj oraz redakcja GajOnline.<!--more--><\/p>\n<p>&nbsp;<\/p>\n<p>Z okazji nadchodz\u0105cych \u015awi\u0105t Narodzenia Pa\u0144skiego&nbsp;oraz zbli\u017caj\u0105cego si\u0119 wielkimi krokami nowego \u2013 2018 roku, chcieliby\u015bmy w imieniu GajOnline oraz Rady Osiedla GAJ z\u0142o\u017cy\u0107 wszystkim naszym czytelnikom, sympatykom oraz&nbsp;mieszka\u0144com Osiedla najszczersze \u017cyczenia zdrowych, pogodnych i radosnych \u015awi\u0105t Bo\u017cego Narodzenia oraz pe\u0142nego pomy\u015blno\u015bci Nowego Roku!<\/p>\n<p>&nbsp;<\/p>\n<p><a href=\"http:\/\/www.tvk-gaj.pl\/~gajonline\/wp-content\/uploads\/2012\/12\/choinka.gif\"><img loading=\"lazy\" decoding=\"async\" class=\"aligncenter size-full wp-image-513\" src=\"http:\/\/www.tvk-gaj.pl\/~gajonline\/wp-content\/uploads\/2012\/12\/choinka.gif\" alt=\"\" width=\"189\" height=\"234\"><\/a><\/p>\n<p>&nbsp;<\/p>\n<p>Rada Osiedla Gaj &amp; Redakcja GajOnline<\/p>\n<p>&nbsp;<\/p>\n","protected":false},"excerpt":{"rendered":"<p>\u017byczenia pe\u0142nych mi\u0142o\u015bci, spokoju i rodzinnego ciep\u0142a \u015awi\u0105t Bo\u017cego Narodzenia oraz pomy\u015blno\u015bci i samych sukces\u00f3w w nadchodz\u0105cym Nowym Roku &#8211; \u017cycz\u0105 Radni Osiedla Gaj oraz redakcja GajOnline.<\/p>\n","protected":false},"author":1,"featured_media":9831,"comment_status":"open","ping_status":"open","sticky":false,"template":"","format":"standard","meta":{"footnotes":""},"categories":[14],"tags":[926,186,166,135,185,257],"class_list":["post-9830","post","type-post","status-publish","format-standard","has-post-thumbnail","hentry","category-aktualnosci","tag-boze-narodzenia","tag-nowy-rok","tag-osiedle-gaj","tag-rada-osiedla-gaj","tag-swieta","tag-zyczenia"],"_links":{"self":[{"href":"https:\/\/online.tvk-gaj.pl\/index.php?rest_route=\/wp\/v2\/posts\/9830","targetHints":{"allow":["GET"]}}],"collection":[{"href":"https:\/\/online.tvk-gaj.pl\/index.php?rest_route=\/wp\/v2\/posts"}],"about":[{"href":"https:\/\/online.tvk-gaj.pl\/index.php?rest_route=\/wp\/v2\/types\/post"}],"author":[{"embeddable":true,"href":"https:\/\/online.tvk-gaj.pl\/index.php?rest_route=\/wp\/v2\/users\/1"}],"replies":[{"embeddable":true,"href":"https:\/\/online.tvk-gaj.pl\/index.php?rest_route=%2Fwp%2Fv2%2Fcomments&post=9830"}],"version-history":[{"count":1,"href":"https:\/\/online.tvk-gaj.pl\/index.php?rest_route=\/wp\/v2\/posts\/9830\/revisions"}],"predecessor-version":[{"id":9832,"href":"https:\/\/online.tvk-gaj.pl\/index.php?rest_route=\/wp\/v2\/posts\/9830\/revisions\/9832"}],"wp:featuredmedia":[{"embeddable":true,"href":"https:\/\/online.tvk-gaj.pl\/index.php?rest_route=\/wp\/v2\/media\/9831"}],"wp:attachment":[{"href":"https:\/\/online.tvk-gaj.pl\/index.php?rest_route=%2Fwp%2Fv2%2Fmedia&parent=9830"}],"wp:term":[{"taxonomy":"category","embeddable":true,"href":"https:\/\/online.tvk-gaj.pl\/index.php?rest_route=%2Fwp%2Fv2%2Fcategories&post=9830"},{"taxonomy":"post_tag","embeddable":true,"href":"https:\/\/online.tvk-gaj.pl\/index.php?rest_route=%2Fwp%2Fv2%2Ftags&post=9830"}],"curies":[{"name":"wp","href":"https:\/\/api.w.org\/{rel}","templated":true}]}}