{"id":9834,"date":"2017-12-27T16:30:14","date_gmt":"2017-12-27T15:30:14","guid":{"rendered":"http:\/\/www.tvk-gaj.pl\/~gajonline\/?p=9834"},"modified":"2018-01-03T21:29:50","modified_gmt":"2018-01-03T20:29:50","slug":"plan-koledy-2018-na-gaju","status":"publish","type":"post","link":"https:\/\/online.tvk-gaj.pl\/?p=9834","title":{"rendered":"Plan kol\u0119dy 2018 na Gaju"},"content":{"rendered":"<p>Wraz z pocz\u0105tkiem nowego roku (2 stycznia 2018) rozpocznie si\u0119 wizyta duszpasterska na osiedlu, popularnie zwana kol\u0119d\u0105. Przypomnijmy, \u017ce na terenie Gaju dzia\u0142aj\u0105 dwie, rzymskokatolickie parafie \u2013 \u015aw. Franiczszka z Asy\u017cu, znajduj\u0105ca si\u0119 przy ulicy Borowskiej oraz&nbsp;\u015aw. Ducha z ulicy Bardzkiej. Publikujemy plan tegorocznej kol\u0119dy w osiedlowych parafiach.&nbsp;<!--more--><\/p>\n<p>&nbsp;<\/p>\n<p><strong>Parafia \u015awi\u0119tego Franciszka z Asy\u017cu z ulicy Borowskiej<a href=\"http:\/\/www.tvk-gaj.pl\/~gajonline\/wp-content\/uploads\/2014\/12\/koleda-2014.jpg\"><br \/>\n<\/a><\/strong><\/p>\n<p>&nbsp;<\/p>\n<p><a href=\"http:\/\/www.tvk-gaj.pl\/~gajonline\/wp-content\/uploads\/2017\/12\/swfranciszek.png\"><img loading=\"lazy\" decoding=\"async\" class=\"aligncenter size-full wp-image-9836\" src=\"http:\/\/www.tvk-gaj.pl\/~gajonline\/wp-content\/uploads\/2017\/12\/swfranciszek.png\" alt=\"\" width=\"819\" height=\"280\" srcset=\"https:\/\/online.tvk-gaj.pl\/wp-content\/uploads\/2017\/12\/swfranciszek.png 819w, https:\/\/online.tvk-gaj.pl\/wp-content\/uploads\/2017\/12\/swfranciszek-300x103.png 300w, https:\/\/online.tvk-gaj.pl\/wp-content\/uploads\/2017\/12\/swfranciszek-768x263.png 768w\" sizes=\"auto, (max-width: 819px) 100vw, 819px\" \/><\/a><\/p>\n<p>&nbsp;<\/p>\n<p><a href=\"http:\/\/www.tvk-gaj.pl\/~gajonline\/wp-content\/uploads\/2017\/12\/koleda17franciszek.jpg\"><img loading=\"lazy\" decoding=\"async\" class=\"aligncenter size-full wp-image-9837\" src=\"http:\/\/www.tvk-gaj.pl\/~gajonline\/wp-content\/uploads\/2017\/12\/koleda17franciszek.jpg\" alt=\"\" width=\"575\" height=\"1018\" srcset=\"https:\/\/online.tvk-gaj.pl\/wp-content\/uploads\/2017\/12\/koleda17franciszek.jpg 575w, https:\/\/online.tvk-gaj.pl\/wp-content\/uploads\/2017\/12\/koleda17franciszek-169x300.jpg 169w\" sizes=\"auto, (max-width: 575px) 100vw, 575px\" \/><\/a><\/p>\n<p>&nbsp;<\/p>\n<p><strong>Parafia \u015awi\u0119tego Ducha z ulicy Bardzkiej&nbsp;<\/strong><\/p>\n<p>&nbsp;<\/p>\n<p><a href=\"http:\/\/www.tvk-gaj.pl\/~gajonline\/wp-content\/uploads\/2017\/12\/swduchpanorama.png\"><img loading=\"lazy\" decoding=\"async\" class=\"aligncenter size-full wp-image-9840\" src=\"http:\/\/www.tvk-gaj.pl\/~gajonline\/wp-content\/uploads\/2017\/12\/swduchpanorama.png\" alt=\"\" width=\"660\" height=\"265\" srcset=\"https:\/\/online.tvk-gaj.pl\/wp-content\/uploads\/2017\/12\/swduchpanorama.png 660w, https:\/\/online.tvk-gaj.pl\/wp-content\/uploads\/2017\/12\/swduchpanorama-300x120.png 300w\" sizes=\"auto, (max-width: 660px) 100vw, 660px\" \/><\/a><\/p>\n<p>&nbsp;<\/p>\n<p><a href=\"http:\/\/www.tvk-gaj.pl\/~gajonline\/wp-content\/uploads\/2017\/12\/koleda17duch.jpg\"><img loading=\"lazy\" decoding=\"async\" class=\"aligncenter size-full wp-image-9838\" src=\"http:\/\/www.tvk-gaj.pl\/~gajonline\/wp-content\/uploads\/2017\/12\/koleda17duch.jpg\" alt=\"\" width=\"672\" height=\"633\" srcset=\"https:\/\/online.tvk-gaj.pl\/wp-content\/uploads\/2017\/12\/koleda17duch.jpg 672w, https:\/\/online.tvk-gaj.pl\/wp-content\/uploads\/2017\/12\/koleda17duch-300x283.jpg 300w\" sizes=\"auto, (max-width: 672px) 100vw, 672px\" \/><\/a><\/p>\n<p>&nbsp;<\/p>\n<p>&nbsp;<\/p>\n<p>Wi\u0119cej informacji na stronach internetowych parafii:<\/p>\n<p><span style=\"color: #000000;\"><strong><a style=\"color: #000000;\" href=\"http:\/\/duchsw.archidiecezja.wroc.pl\/\" target=\"_blank\" rel=\"noopener\">\u015awi\u0119tego Ducha<\/a><\/strong><\/span><\/p>\n<p><span style=\"color: #000000;\"><strong><a style=\"color: #000000;\" href=\"http:\/\/www.franciszek.archidiecezja.wroc.pl\/\" target=\"_blank\" rel=\"noopener\">Franciszka z Asy\u017cu<\/a><\/strong><\/span><\/p>\n<p>&nbsp;<\/p>\n<p>&nbsp;<\/p>\n","protected":false},"excerpt":{"rendered":"<p>Wraz z pocz\u0105tkiem nowego roku (2 stycznia 2018) rozpocznie si\u0119 wizyta duszpasterska na osiedlu, popularnie zwana kol\u0119d\u0105. Przypomnijmy, \u017ce na terenie Gaju dzia\u0142aj\u0105 dwie, rzymskokatolickie parafie \u2013 \u015aw. Franiczszka z Asy\u017cu, znajduj\u0105ca si\u0119 przy ulicy Borowskiej oraz&nbsp;\u015aw. Ducha z ulicy Bardzkiej. Publikujemy plan tegorocznej kol\u0119dy w osiedlowych parafiach.&nbsp;<\/p>\n","protected":false},"author":1,"featured_media":9836,"comment_status":"open","ping_status":"open","sticky":false,"template":"","format":"standard","meta":{"footnotes":""},"categories":[14,12],"tags":[197,113,112,822,927,928,166,825,190],"class_list":["post-9834","post","type-post","status-publish","format-standard","has-post-thumbnail","hentry","category-aktualnosci","category-artykuly","tag-bardzka","tag-borowska","tag-gaj","tag-koleda","tag-koleda-2018","tag-koscioly","tag-osiedle-gaj","tag-parafia-ducha-swietego","tag-parafia-swietego-franciszka-z-asyzu"],"_links":{"self":[{"href":"https:\/\/online.tvk-gaj.pl\/index.php?rest_route=\/wp\/v2\/posts\/9834","targetHints":{"allow":["GET"]}}],"collection":[{"href":"https:\/\/online.tvk-gaj.pl\/index.php?rest_route=\/wp\/v2\/posts"}],"about":[{"href":"https:\/\/online.tvk-gaj.pl\/index.php?rest_route=\/wp\/v2\/types\/post"}],"author":[{"embeddable":true,"href":"https:\/\/online.tvk-gaj.pl\/index.php?rest_route=\/wp\/v2\/users\/1"}],"replies":[{"embeddable":true,"href":"https:\/\/online.tvk-gaj.pl\/index.php?rest_route=%2Fwp%2Fv2%2Fcomments&post=9834"}],"version-history":[{"count":5,"href":"https:\/\/online.tvk-gaj.pl\/index.php?rest_route=\/wp\/v2\/posts\/9834\/revisions"}],"predecessor-version":[{"id":12699,"href":"https:\/\/online.tvk-gaj.pl\/index.php?rest_route=\/wp\/v2\/posts\/9834\/revisions\/12699"}],"wp:featuredmedia":[{"embeddable":true,"href":"https:\/\/online.tvk-gaj.pl\/index.php?rest_route=\/wp\/v2\/media\/9836"}],"wp:attachment":[{"href":"https:\/\/online.tvk-gaj.pl\/index.php?rest_route=%2Fwp%2Fv2%2Fmedia&parent=9834"}],"wp:term":[{"taxonomy":"category","embeddable":true,"href":"https:\/\/online.tvk-gaj.pl\/index.php?rest_route=%2Fwp%2Fv2%2Fcategories&post=9834"},{"taxonomy":"post_tag","embeddable":true,"href":"https:\/\/online.tvk-gaj.pl\/index.php?rest_route=%2Fwp%2Fv2%2Ftags&post=9834"}],"curies":[{"name":"wp","href":"https:\/\/api.w.org\/{rel}","templated":true}]}}