{"id":9849,"date":"2018-01-08T09:40:01","date_gmt":"2018-01-08T08:40:01","guid":{"rendered":"http:\/\/www.tvk-gaj.pl\/~gajonline\/?p=9849"},"modified":"2018-01-09T09:46:07","modified_gmt":"2018-01-09T08:46:07","slug":"spotkanie-informacyjnego-wbo-2018","status":"publish","type":"post","link":"https:\/\/online.tvk-gaj.pl\/?p=9849","title":{"rendered":"Spotkanie informacyjne WBO 2018 na Gaju"},"content":{"rendered":"<p>W pi\u0105tek, 19 stycznia, w O\u015brodku Postaw Tw\u00f3rczych (przy ul. Dzia\u0142kowej 15 &#8211; budynek obok Ko\u015bcio\u0142a pw. \u015awi\u0119tego Franciszka z Asy\u017cu) odb\u0119dzie si\u0119 spotkanie po\u015bwi\u0119cone tegorocznej edycji Wroc\u0142awskiego Bud\u017cetu Obywatelskiego.&nbsp;<!--more--><\/p>\n<p>&nbsp;<\/p>\n<p><a href=\"http:\/\/www.tvk-gaj.pl\/~gajonline\/wp-content\/uploads\/2018\/01\/25659880_1953721704888626_5685655403207467652_n.jpg\"><img loading=\"lazy\" decoding=\"async\" class=\"aligncenter size-full wp-image-9850\" src=\"http:\/\/www.tvk-gaj.pl\/~gajonline\/wp-content\/uploads\/2018\/01\/25659880_1953721704888626_5685655403207467652_n.jpg\" alt=\"\" width=\"784\" height=\"295\" srcset=\"https:\/\/online.tvk-gaj.pl\/wp-content\/uploads\/2018\/01\/25659880_1953721704888626_5685655403207467652_n.jpg 784w, https:\/\/online.tvk-gaj.pl\/wp-content\/uploads\/2018\/01\/25659880_1953721704888626_5685655403207467652_n-300x113.jpg 300w, https:\/\/online.tvk-gaj.pl\/wp-content\/uploads\/2018\/01\/25659880_1953721704888626_5685655403207467652_n-768x289.jpg 768w\" sizes=\"auto, (max-width: 784px) 100vw, 784px\" \/><\/a><\/p>\n<p>&nbsp;<\/p>\n<p>Od dzi\u015b, tj. 8 stycznia, mo\u017cna zg\u0142asza\u0107 projekty do tegorocznej edycji WBO.&nbsp; W pi\u0105tek, 19 stycznia o godz. 17, w O\u015brodku Postaw Tw\u00f3rczych na Gaju (ul. Dzia\u0142kowa 15) odb\u0119dzie si\u0119 ostatnie spotkanie informacyjne dotycz\u0105ce zg\u0142aszania i administrowania projektami we wroc\u0142awskim bud\u017cecie obywatelskim.&nbsp;<\/p>\n<p>&nbsp;<\/p>\n<p>Polecamy i zach\u0119camy do wzi\u0119cia udzia\u0142u w spotkaniu!<\/p>\n<p>&nbsp;<\/p>\n","protected":false},"excerpt":{"rendered":"<p>W pi\u0105tek, 19 stycznia, w O\u015brodku Postaw Tw\u00f3rczych (przy ul. Dzia\u0142kowej 15 &#8211; budynek obok Ko\u015bcio\u0142a pw. \u015awi\u0119tego Franciszka z Asy\u017cu) odb\u0119dzie si\u0119 spotkanie po\u015bwi\u0119cone tegorocznej edycji Wroc\u0142awskiego Bud\u017cetu Obywatelskiego.&nbsp;<\/p>\n","protected":false},"author":1,"featured_media":8078,"comment_status":"open","ping_status":"open","sticky":false,"template":"","format":"standard","meta":{"footnotes":""},"categories":[14,12],"tags":[112,931,166,932,145,594,275,930,344],"class_list":["post-9849","post","type-post","status-publish","format-standard","has-post-thumbnail","hentry","category-aktualnosci","category-artykuly","tag-gaj","tag-opt","tag-osiedle-gaj","tag-osrodek-postaw-tworczych","tag-spotkanie","tag-warsztaty","tag-wbo","tag-wbo-2018","tag-wroclawski-budzet-obywatelski"],"_links":{"self":[{"href":"https:\/\/online.tvk-gaj.pl\/index.php?rest_route=\/wp\/v2\/posts\/9849","targetHints":{"allow":["GET"]}}],"collection":[{"href":"https:\/\/online.tvk-gaj.pl\/index.php?rest_route=\/wp\/v2\/posts"}],"about":[{"href":"https:\/\/online.tvk-gaj.pl\/index.php?rest_route=\/wp\/v2\/types\/post"}],"author":[{"embeddable":true,"href":"https:\/\/online.tvk-gaj.pl\/index.php?rest_route=\/wp\/v2\/users\/1"}],"replies":[{"embeddable":true,"href":"https:\/\/online.tvk-gaj.pl\/index.php?rest_route=%2Fwp%2Fv2%2Fcomments&post=9849"}],"version-history":[{"count":2,"href":"https:\/\/online.tvk-gaj.pl\/index.php?rest_route=\/wp\/v2\/posts\/9849\/revisions"}],"predecessor-version":[{"id":9852,"href":"https:\/\/online.tvk-gaj.pl\/index.php?rest_route=\/wp\/v2\/posts\/9849\/revisions\/9852"}],"wp:featuredmedia":[{"embeddable":true,"href":"https:\/\/online.tvk-gaj.pl\/index.php?rest_route=\/wp\/v2\/media\/8078"}],"wp:attachment":[{"href":"https:\/\/online.tvk-gaj.pl\/index.php?rest_route=%2Fwp%2Fv2%2Fmedia&parent=9849"}],"wp:term":[{"taxonomy":"category","embeddable":true,"href":"https:\/\/online.tvk-gaj.pl\/index.php?rest_route=%2Fwp%2Fv2%2Fcategories&post=9849"},{"taxonomy":"post_tag","embeddable":true,"href":"https:\/\/online.tvk-gaj.pl\/index.php?rest_route=%2Fwp%2Fv2%2Ftags&post=9849"}],"curies":[{"name":"wp","href":"https:\/\/api.w.org\/{rel}","templated":true}]}}