{"id":9912,"date":"2018-01-12T11:36:47","date_gmt":"2018-01-12T10:36:47","guid":{"rendered":"http:\/\/www.tvk-gaj.pl\/~gajonline\/?p=9912"},"modified":"2018-01-12T11:36:47","modified_gmt":"2018-01-12T10:36:47","slug":"oficjalne-otwarcie-siedziby-klubu-seniora","status":"publish","type":"post","link":"https:\/\/online.tvk-gaj.pl\/?p=9912","title":{"rendered":"Oficjalne otwarcie siedziby Klubu Seniora"},"content":{"rendered":"<p>Zapraszamy do naszej fotorelacji z oficjalnego otwarcia wyremontowanej siedziby Klubu Seniora na Gaju!<!--more--><\/p>\n<p>&nbsp;<\/p>\n<p>11 stycznia oficjalnie otwarto wyremontowan\u0105 siedzib\u0119 Klubu Seniora na Gaju.<\/p>\n<p>&nbsp;<\/p>\n<p><a href=\"http:\/\/www.tvk-gaj.pl\/~gajonline\/wp-content\/uploads\/2018\/01\/20180111_181706-1.jpg\"><img loading=\"lazy\" decoding=\"async\" class=\"aligncenter size-large wp-image-9914\" src=\"http:\/\/www.tvk-gaj.pl\/~gajonline\/wp-content\/uploads\/2018\/01\/20180111_181706-1-1024x768.jpg\" alt=\"\" width=\"838\" height=\"629\" srcset=\"https:\/\/online.tvk-gaj.pl\/wp-content\/uploads\/2018\/01\/20180111_181706-1-1024x768.jpg 1024w, https:\/\/online.tvk-gaj.pl\/wp-content\/uploads\/2018\/01\/20180111_181706-1-300x225.jpg 300w, https:\/\/online.tvk-gaj.pl\/wp-content\/uploads\/2018\/01\/20180111_181706-1-768x576.jpg 768w\" sizes=\"auto, (max-width: 838px) 100vw, 838px\" \/><\/a><\/p>\n<p>&nbsp;<\/p>\n<blockquote><p>Na otwarciu pojawili si\u0119 m.in. Jacek Sutryk&nbsp; &#8211; dyrektor departamentu spraw spo\u0142ecznych Wroc\u0142awia oraz Artur Iwan&nbsp;&#8211; przedstawiciel dzia\u0142u wsp\u00f3\u0142pracy instytucjonalnej i wsparcia osiedli Wroc\u0142awia z Wroc\u0142awskiego Centrum Rozwoju Spo\u0142ecznego.<\/p>\n<p>Obecni byli te\u017c przewodnicz\u0105cy Rady Osiedla Gaj Adam Wojtaszewski, przewodnicz\u0105cy zarz\u0105du RO Gaj &#8211; Stefan Zydorowicz oraz&nbsp;koordynator klubu &#8211; Pani Ma\u0142gorzata Ryfa (radna RO Gaj) i jego administrator Barbara Dziekan.<\/p>\n<p>Oczywi\u015bcie nie mog\u0142o te\u017c zabrakn\u0105\u0107 wspania\u0142ych senior\u00f3w osiedla:)<\/p><\/blockquote>\n<p>&nbsp;<\/p>\n<p>Dzi\u0119ki sfinansowanym przez miasto Wroc\u0142aw remontom uda\u0142o si\u0119 uzyska\u0107 m.in. niezale\u017cne wej\u015bcie do klubu (znajduj\u0105ce si\u0119 obok wej\u015bcia do apteki) oraz lepiej zaadoptowa\u0107 pomieszczenia na potrzeby dzia\u0142alno\u015bci plac\u00f3wki.&nbsp;<\/p>\n<p>Rada Osiedla Gaj sfinansowa\u0142a te\u017c cz\u0119\u015b\u0107 wyposa\u017cenia.&nbsp;<\/p>\n<p>&nbsp;<\/p>\n<p><a href=\"http:\/\/www.tvk-gaj.pl\/~gajonline\/wp-content\/uploads\/2018\/01\/20180111_180020.jpg\"><img loading=\"lazy\" decoding=\"async\" class=\"aligncenter size-large wp-image-9915\" src=\"http:\/\/www.tvk-gaj.pl\/~gajonline\/wp-content\/uploads\/2018\/01\/20180111_180020-1024x768.jpg\" alt=\"\" width=\"838\" height=\"629\" srcset=\"https:\/\/online.tvk-gaj.pl\/wp-content\/uploads\/2018\/01\/20180111_180020-1024x768.jpg 1024w, https:\/\/online.tvk-gaj.pl\/wp-content\/uploads\/2018\/01\/20180111_180020-300x225.jpg 300w, https:\/\/online.tvk-gaj.pl\/wp-content\/uploads\/2018\/01\/20180111_180020-768x576.jpg 768w\" sizes=\"auto, (max-width: 838px) 100vw, 838px\" \/><\/a><\/p>\n<p>&nbsp;<\/p>\n<p>Dzia\u0142aj\u0105cy od ponad 3 lat klub jest inicjatyw\u0105 obecnej oraz minionej kadencji Rady Osiedla Gaj. Dzi\u0119ki \u015bcis\u0142ej wsp\u00f3\u0142pracy z miastem (m.in. Prezydentem Wroc\u0142awia Rafa\u0142em Dutkiewiczem, Dyrektorem dep. spraw spo\u0142ecznych Jackiem Sutrykiem oraz WCRS) uda\u0142o si\u0119 uzyska\u0107 niezale\u017cny lokal (przypomnijmy: na pocz\u0105tku dzia\u0142alno\u015bci klub prowadzi\u0142 zaj\u0119cia na terenie Szko\u0142y Podstawowej Nr 90), a teraz dostosowa\u0107 go do potrzeb klubu. W planach s\u0105 dalsze inwestycje, maj\u0105ce zwi\u0119kszy\u0107 komfort zaj\u0119\u0107 oraz umo\u017cliwi\u0107 szerszy zakres aktywno\u015bci.&nbsp;<\/p>\n<p>&nbsp;<\/p>\n<p><a href=\"http:\/\/www.tvk-gaj.pl\/~gajonline\/wp-content\/uploads\/2018\/01\/20180111_181809.jpg\"><img loading=\"lazy\" decoding=\"async\" class=\"aligncenter size-large wp-image-9917\" src=\"http:\/\/www.tvk-gaj.pl\/~gajonline\/wp-content\/uploads\/2018\/01\/20180111_181809-1024x768.jpg\" alt=\"\" width=\"838\" height=\"629\" srcset=\"https:\/\/online.tvk-gaj.pl\/wp-content\/uploads\/2018\/01\/20180111_181809-1024x768.jpg 1024w, https:\/\/online.tvk-gaj.pl\/wp-content\/uploads\/2018\/01\/20180111_181809-300x225.jpg 300w, https:\/\/online.tvk-gaj.pl\/wp-content\/uploads\/2018\/01\/20180111_181809-768x576.jpg 768w\" sizes=\"auto, (max-width: 838px) 100vw, 838px\" \/><\/a><\/p>\n<p>&nbsp;<\/p>\n<p>Oczywi\u015bcie klub to nie tylko zaplecze infrastrukturalne. To przede wszystkim ludzie &#8211; za merytoryczn\u0105 stron\u0105 pracy klubu odpowiadaj\u0105 m.in. prowadz\u0105ca zaj\u0119cia Anna Ga\u0142uszka (plastyk, animator) oraz koordynator klubu radna Ma\u0142gorzata Ryfa.&nbsp;<\/p>\n<p>&nbsp;<\/p>\n<p><a href=\"http:\/\/www.tvk-gaj.pl\/~gajonline\/wp-content\/uploads\/2018\/01\/20180111_175743.jpg\"><img loading=\"lazy\" decoding=\"async\" class=\"aligncenter size-large wp-image-9916\" src=\"http:\/\/www.tvk-gaj.pl\/~gajonline\/wp-content\/uploads\/2018\/01\/20180111_175743-1024x768.jpg\" alt=\"\" width=\"838\" height=\"629\" srcset=\"https:\/\/online.tvk-gaj.pl\/wp-content\/uploads\/2018\/01\/20180111_175743-1024x768.jpg 1024w, https:\/\/online.tvk-gaj.pl\/wp-content\/uploads\/2018\/01\/20180111_175743-300x225.jpg 300w, https:\/\/online.tvk-gaj.pl\/wp-content\/uploads\/2018\/01\/20180111_175743-768x576.jpg 768w\" sizes=\"auto, (max-width: 838px) 100vw, 838px\" \/><\/a><\/p>\n<p>&nbsp;<\/p>\n<p>Zakres oferty klubu systematycznie si\u0119 powi\u0119ksza (s\u0105 ju\u017c zaj\u0119cia i warsztaty plastyczne, gry zespo\u0142owe, nauka j\u0119zyka angielskiego, spacery, nordic walking, wyj\u015bcia na wystawy, spektakle) &#8211; docelowo klub seniora na Gaju ma by\u0107 miejscem, w kt\u00f3rym seniorzy z osiedla mog\u0105 sp\u0119dza\u0107 aktywnie i kreatywnie czas przez ca\u0142y tydzie\u0144.&nbsp;<\/p>\n<p>&nbsp;<\/p>\n<p><strong>FOTORELACJA Z OTWARCIA KLUBU PO REMONCIE<\/strong><\/p>\n<p>&nbsp;<\/p>\n<p>[ngg_images source=&#8221;galleries&#8221; container_ids=&#8221;94&#8243; display_type=&#8221;photocrati-nextgen_basic_thumbnails&#8221; override_thumbnail_settings=&#8221;0&#8243; thumbnail_width=&#8221;100&#8243; thumbnail_height=&#8221;75&#8243; thumbnail_crop=&#8221;1&#8243; images_per_page=&#8221;0&#8243; number_of_columns=&#8221;0&#8243; ajax_pagination=&#8221;0&#8243; show_all_in_lightbox=&#8221;0&#8243; use_imagebrowser_effect=&#8221;0&#8243; show_slideshow_link=&#8221;1&#8243; slideshow_link_text=&#8221;[Pokaz slajd\u00f3w]&#8221; order_by=&#8221;sortorder&#8221; order_direction=&#8221;ASC&#8221; returns=&#8221;included&#8221; maximum_entity_count=&#8221;500&#8243;]<\/p>\n<p>&nbsp;<\/p>\n","protected":false},"excerpt":{"rendered":"<p>Zapraszamy do naszej fotorelacji z oficjalnego otwarcia wyremontowanej siedziby Klubu Seniora na Gaju!<\/p>\n","protected":false},"author":1,"featured_media":9913,"comment_status":"open","ping_status":"open","sticky":false,"template":"","format":"standard","meta":{"footnotes":""},"categories":[14,12],"tags":[112,937,431,421,209,936,135,938,152,934,935,939,933,940,165],"class_list":["post-9912","post","type-post","status-publish","format-standard","has-post-thumbnail","hentry","category-aktualnosci","category-artykuly","tag-gaj","tag-galuszka","tag-klub-seniora","tag-klub-seniora-na-gaju","tag-krynicka","tag-przychodnia","tag-rada-osiedla-gaj","tag-ryfa","tag-seniorzy","tag-siedziba","tag-siedziba-po-remoncie","tag-sutryk","tag-urzad-miejski","tag-wojtaszewski","tag-wroclaw"],"_links":{"self":[{"href":"https:\/\/online.tvk-gaj.pl\/index.php?rest_route=\/wp\/v2\/posts\/9912","targetHints":{"allow":["GET"]}}],"collection":[{"href":"https:\/\/online.tvk-gaj.pl\/index.php?rest_route=\/wp\/v2\/posts"}],"about":[{"href":"https:\/\/online.tvk-gaj.pl\/index.php?rest_route=\/wp\/v2\/types\/post"}],"author":[{"embeddable":true,"href":"https:\/\/online.tvk-gaj.pl\/index.php?rest_route=\/wp\/v2\/users\/1"}],"replies":[{"embeddable":true,"href":"https:\/\/online.tvk-gaj.pl\/index.php?rest_route=%2Fwp%2Fv2%2Fcomments&post=9912"}],"version-history":[{"count":2,"href":"https:\/\/online.tvk-gaj.pl\/index.php?rest_route=\/wp\/v2\/posts\/9912\/revisions"}],"predecessor-version":[{"id":9919,"href":"https:\/\/online.tvk-gaj.pl\/index.php?rest_route=\/wp\/v2\/posts\/9912\/revisions\/9919"}],"wp:featuredmedia":[{"embeddable":true,"href":"https:\/\/online.tvk-gaj.pl\/index.php?rest_route=\/wp\/v2\/media\/9913"}],"wp:attachment":[{"href":"https:\/\/online.tvk-gaj.pl\/index.php?rest_route=%2Fwp%2Fv2%2Fmedia&parent=9912"}],"wp:term":[{"taxonomy":"category","embeddable":true,"href":"https:\/\/online.tvk-gaj.pl\/index.php?rest_route=%2Fwp%2Fv2%2Fcategories&post=9912"},{"taxonomy":"post_tag","embeddable":true,"href":"https:\/\/online.tvk-gaj.pl\/index.php?rest_route=%2Fwp%2Fv2%2Ftags&post=9912"}],"curies":[{"name":"wp","href":"https:\/\/api.w.org\/{rel}","templated":true}]}}