{"id":992,"date":"2014-05-12T22:05:02","date_gmt":"2014-05-12T20:05:02","guid":{"rendered":"http:\/\/www.gaj-osiedle.wroclaw.pl\/?p=992"},"modified":"2022-07-30T19:45:03","modified_gmt":"2022-07-30T17:45:03","slug":"sklad-rady-osiedla-gaj","status":"publish","type":"post","link":"https:\/\/online.tvk-gaj.pl\/?p=992","title":{"rendered":"Sk\u0142ad Rady Osiedla"},"content":{"rendered":"<p>&nbsp;<\/p>\n<h1><strong>Kadencja 2021-2026&nbsp;<\/strong><\/h1>\n<p>&nbsp;<\/p>\n<h3>Przewodnicz\u0105cy Rady Osiedla<\/h3>\n<table id=\"users\" cellspacing=\"0\">\n<tbody>\n<tr>\n<td width=\"230\">Wojtaszewski&nbsp;Adam<\/td>\n<td width=\"130\">Przewodnicz\u0105cy RO<\/td>\n<td width=\"130\">&nbsp;<\/td>\n<\/tr>\n<tr>\n<td width=\"230\">M\u00f3l Marcin<\/td>\n<td width=\"130\">Z-ca Przew. RO<\/td>\n<td width=\"130\">&nbsp;<\/td>\n<\/tr>\n<\/tbody>\n<\/table>\n<h3>&nbsp;<\/h3>\n<h3>Zarz\u0105d Osiedla<\/h3>\n<table id=\"users\" cellspacing=\"0\">\n<tbody>\n<tr>\n<td width=\"230\">Zydorowicz Stefan<\/td>\n<td width=\"130\">Przewodnicz\u0105cy<br \/>\nZarz\u0105du<\/td>\n<td width=\"130\">&nbsp;<\/td>\n<\/tr>\n<tr>\n<td width=\"230\">Buli\u0144ski Dawid<\/td>\n<td width=\"130\">Z-ca Przew. Zarz\u0105du<\/td>\n<td width=\"130\">&nbsp;<\/td>\n<\/tr>\n<tr>\n<td width=\"230\">Walczyk-Makowska Halina<\/td>\n<td width=\"130\">Sekretarz Zarz\u0105du<\/td>\n<td width=\"130\">&nbsp;<\/td>\n<\/tr>\n<tr>\n<td width=\"230\">Juszczak Jerzy<\/td>\n<td width=\"130\">Skarbnik Zarz\u0105du<\/td>\n<td width=\"130\">&nbsp;<\/td>\n<\/tr>\n<tr>\n<td width=\"230\">Chodaczy\u0144ski Adam<\/td>\n<td width=\"130\">Cz\u0142onek Zarz\u0105du<\/td>\n<td width=\"130\">&nbsp;<\/td>\n<\/tr>\n<\/tbody>\n<\/table>\n<h3>&nbsp;<\/h3>\n<p>&nbsp;<\/p>\n<p><img loading=\"lazy\" decoding=\"async\" class=\"aligncenter wp-image-13382 size-large\" src=\"http:\/\/www.tvk-gaj.pl\/~gajonline\/wp-content\/uploads\/2021\/11\/IMG_0173-1024x768.jpg\" alt=\"\" width=\"838\" height=\"629\" srcset=\"https:\/\/online.tvk-gaj.pl\/wp-content\/uploads\/2021\/11\/IMG_0173-1024x768.jpg 1024w, https:\/\/online.tvk-gaj.pl\/wp-content\/uploads\/2021\/11\/IMG_0173-300x225.jpg 300w, https:\/\/online.tvk-gaj.pl\/wp-content\/uploads\/2021\/11\/IMG_0173-768x576.jpg 768w, https:\/\/online.tvk-gaj.pl\/wp-content\/uploads\/2021\/11\/IMG_0173-1536x1152.jpg 1536w, https:\/\/online.tvk-gaj.pl\/wp-content\/uploads\/2021\/11\/IMG_0173.jpg 2016w\" sizes=\"auto, (max-width: 838px) 100vw, 838px\" \/><\/p>\n<p>&nbsp;<\/p>\n<h3>&nbsp;<\/h3>\n<h3>Radni Rady Osiedla:<\/h3>\n<p>Bystry Tadeusz<br \/>\nDziekan Barbara<br \/>\nHajducki Piotr<br \/>\nKurzyjamski Wojciech<br \/>\nNawrotek Piotr<br \/>\nOlszewski Boles\u0142aw<br \/>\nP\u0142awsiuk Marek<br \/>\nSawicki Micha\u0142<\/p>\n<p>&nbsp;<\/p>\n<h3>&nbsp;<\/h3>\n<h3>&nbsp;<\/h3>\n<p>&nbsp;<\/p>\n<h3>Sk\u0142ady minionych kadencji Rady Osiedla Gaj:<\/h3>\n<p>&nbsp;<\/p>\n<p><strong>Kadencja 2017-2021r.<\/strong><\/p>\n<p>&nbsp;<\/p>\n<div class='et-learn-more clearfix'>\n\t\t\t\t\t<h3 class='heading-more'>Kadencja 2017-2021<span class='et_learnmore_arrow'><span><\/span><\/span><\/h3>\n\t\t\t\t\t<div class='learn-more-content'><p>&nbsp;<\/p>\n<p><span style=\"line-height: 1.5;\">Bartoszko Micha\u0142<\/span><\/p>\n<p><span style=\"line-height: 1.5;\">Bystry Tadeusz <\/span><\/p>\n<p><span style=\"line-height: 1.5;\">Chodaczy\u0144ski Adam<\/span><\/p>\n<p><span style=\"line-height: 1.5;\">Dziekan Barbara&nbsp;<\/span><\/p>\n<p><span style=\"line-height: 1.5;\">Kurzyjamski Wojciech<\/span><\/p>\n<p><span style=\"line-height: 1.5;\">Lenczer-Kamie\u0144ska Danuta<\/span><\/p>\n<p><span style=\"line-height: 1.5;\">Michalska Zofia<\/span><\/p>\n<p><span style=\"line-height: 1.5;\">Nawrotek Piotr&nbsp;<\/span><\/p>\n<p><span style=\"line-height: 1.5;\">Nowakowski J\u00f3zef<\/span><\/p>\n<p><span style=\"line-height: 1.5;\">Olszewski Boles\u0142aw<\/span><\/p>\n<p><span style=\"line-height: 1.5;\">Ryfa Ma\u0142gorzata&nbsp;<\/span><\/p>\n<p><span style=\"line-height: 1.5;\">Wojtaszewski Adam<\/span><\/p>\n<p>Zydorowicz Stefan<\/div>\n\t\t\t\t<\/div>\n<p>&nbsp;<\/p>\n<p><strong>&nbsp;<\/strong><\/p>\n<p><strong>Kadencja 2013-2017r.<\/strong><\/p>\n<p>&nbsp;<\/p>\n<div class='et-learn-more clearfix'>\n\t\t\t\t\t<h3 class='heading-more'>Kadencja 2013-2017<span class='et_learnmore_arrow'><span><\/span><\/span><\/h3>\n\t\t\t\t\t<div class='learn-more-content'><p>Bystry Tadeusz<\/p>\n<p>Chodaczy\u0144ski Adam<\/p>\n<p>Kanigowska-Skorupa Anna<\/p>\n<p>Kobyla\u0144ski Miros\u0142aw<\/p>\n<p>Koczan Marcin<\/p>\n<p>Krowicki Andrzej<\/p>\n<p>Kurzyjamski Wojciech<\/p>\n<p>Michalska Zofia<\/p>\n<p>\u0141ukaszuk Mieczys\u0142aw<\/p>\n<p>Nawrot Andrzej<\/p>\n<p>Nawrotek Piotr<\/p>\n<p>Nowakowski J\u00f3zef<\/p>\n<p>Olszewski Boles\u0142aw<\/p>\n<p>Prawdzik Martyna<\/p>\n<p>Pultowicz Marian<\/p>\n<p>Pytlarz Grzegorz<\/p>\n<p>Wojtaszewski Adam<\/p>\n<p>Surma Jan<\/p>\n<p>Zagrodnik Kazimierz<\/p>\n<p>Zydorowicz Stefan<\/div>\n\t\t\t\t<\/div>\n<p>&nbsp;<\/p>\n<p>&nbsp;<\/p>\n<p><strong>&nbsp;Kadencja 2009-2013r.<\/strong><\/p>\n<div class='et-learn-more clearfix'>\n\t\t\t\t\t<h3 class='heading-more'>Sk\u0142ad Rady Osiedla Gaj w kadencji 2009-2013<span class='et_learnmore_arrow'><span><\/span><\/span><\/h3>\n\t\t\t\t\t<div class='learn-more-content'>Przewodnicz\u0105cy Rady Osiedla Wojtaszewski Adam<\/p>\n<p>Z-ca Przew. RO Bystry Tadeusz<\/p>\n<p>&nbsp;<\/p>\n<p>Zarz\u0105d Osiedla<\/p>\n<p>Przewodnicz\u0105cy Zydorowicz Stefan<\/p>\n<p>Z-ca Przew. Zarz\u0105du Delimata Danuta<\/p>\n<p>Sekretarz Zarz\u0105du Zagrodnik Kazimierz<\/p>\n<p>Skarbnik Zarz\u0105du Chodaczy\u0144ski Adam<\/p>\n<p>Cz\u0142onek Zarz\u0105du Nawrot Andzej<\/p>\n<p>&nbsp;<\/p>\n<p>Radni Rady Osiedla<\/p>\n<p>Jurkiewicz Anna<\/p>\n<p>Koczan Marcin<\/p>\n<p>Pawlaczyk Bart\u0142omiej<\/p>\n<p>Radzik Ma\u0142gorzata&nbsp;Bo\u017cena<\/p>\n<p>Pultowicz Marian<\/p>\n<p>Szczurowska Teresa<\/p>\n<p>\u0141ukaszuk Mieczys\u0142aw<\/p>\n<p>Nawrotek Piotr<\/div>\n\t\t\t\t<\/div>\n<p>&nbsp;<\/p>\n<p>&nbsp;<\/p>\n","protected":false},"excerpt":{"rendered":"<p>&nbsp; Kadencja 2021-2026&nbsp; &nbsp; Przewodnicz\u0105cy Rady Osiedla Wojtaszewski&nbsp;Adam Przewodnicz\u0105cy RO &nbsp; M\u00f3l Marcin Z-ca Przew. RO &nbsp; &nbsp; Zarz\u0105d Osiedla Zydorowicz Stefan Przewodnicz\u0105cy Zarz\u0105du &nbsp; Buli\u0144ski Dawid Z-ca Przew. Zarz\u0105du &nbsp; Walczyk-Makowska Halina Sekretarz Zarz\u0105du &nbsp; Juszczak Jerzy Skarbnik Zarz\u0105du &nbsp; Chodaczy\u0144ski Adam Cz\u0142onek Zarz\u0105du &nbsp; &nbsp; &nbsp; &nbsp; &nbsp; Radni Rady Osiedla: Bystry Tadeusz [&hellip;]<\/p>\n","protected":false},"author":1,"featured_media":9181,"comment_status":"open","ping_status":"open","sticky":false,"template":"","format":"standard","meta":{"footnotes":""},"categories":[56],"tags":[66],"class_list":["post-992","post","type-post","status-publish","format-standard","has-post-thumbnail","hentry","category-rada-osiedla","tag-sklad-radni-rady-osiedla-gaj"],"_links":{"self":[{"href":"https:\/\/online.tvk-gaj.pl\/index.php?rest_route=\/wp\/v2\/posts\/992","targetHints":{"allow":["GET"]}}],"collection":[{"href":"https:\/\/online.tvk-gaj.pl\/index.php?rest_route=\/wp\/v2\/posts"}],"about":[{"href":"https:\/\/online.tvk-gaj.pl\/index.php?rest_route=\/wp\/v2\/types\/post"}],"author":[{"embeddable":true,"href":"https:\/\/online.tvk-gaj.pl\/index.php?rest_route=\/wp\/v2\/users\/1"}],"replies":[{"embeddable":true,"href":"https:\/\/online.tvk-gaj.pl\/index.php?rest_route=%2Fwp%2Fv2%2Fcomments&post=992"}],"version-history":[{"count":37,"href":"https:\/\/online.tvk-gaj.pl\/index.php?rest_route=\/wp\/v2\/posts\/992\/revisions"}],"predecessor-version":[{"id":13761,"href":"https:\/\/online.tvk-gaj.pl\/index.php?rest_route=\/wp\/v2\/posts\/992\/revisions\/13761"}],"wp:featuredmedia":[{"embeddable":true,"href":"https:\/\/online.tvk-gaj.pl\/index.php?rest_route=\/wp\/v2\/media\/9181"}],"wp:attachment":[{"href":"https:\/\/online.tvk-gaj.pl\/index.php?rest_route=%2Fwp%2Fv2%2Fmedia&parent=992"}],"wp:term":[{"taxonomy":"category","embeddable":true,"href":"https:\/\/online.tvk-gaj.pl\/index.php?rest_route=%2Fwp%2Fv2%2Fcategories&post=992"},{"taxonomy":"post_tag","embeddable":true,"href":"https:\/\/online.tvk-gaj.pl\/index.php?rest_route=%2Fwp%2Fv2%2Ftags&post=992"}],"curies":[{"name":"wp","href":"https:\/\/api.w.org\/{rel}","templated":true}]}}