{"id":9921,"date":"2018-01-21T12:17:24","date_gmt":"2018-01-21T11:17:24","guid":{"rendered":"http:\/\/www.tvk-gaj.pl\/~gajonline\/?p=9921"},"modified":"2018-01-21T12:19:15","modified_gmt":"2018-01-21T11:19:15","slug":"powstanie-nowy-parking-na-gaju","status":"publish","type":"post","link":"https:\/\/online.tvk-gaj.pl\/?p=9921","title":{"rendered":"Powstan\u0105 nowe parkingi na Gaju"},"content":{"rendered":"<p>Miejska sp\u00f3\u0142ka Wroc\u0142awskie Inwestycje zaplanowa\u0142a do ko\u0144ca bie\u017c\u0105cego roku budow\u0119 7 nowych parking\u00f3w w ramach zadania \u201eBudowa systemu Parkuj i jed\u017a we Wroc\u0142awiu \u2013 Etap I\u201d. Jeden z nich ma powsta\u0107 przy skrzy\u017cowaniu ulic Bardzkiej i \u015awieradowskiej (w pobli\u017cu przystank\u00f3w MPK). To jeden z dw\u00f3ch parking\u00f3w, kt\u00f3re miasto chce odda\u0107 do u\u017cytku w tym roku na Gaju.&nbsp;<!--more--><\/p>\n<p>&nbsp;<\/p>\n<p>Parking &#8222;park and ride&#8221; to druga zaplanowana na ten rok budowa parking\u00f3w na Gaju. Przypomnijmy, \u017ce miasto chce r\u00f3wnie\u017c w tym roku wyremontowa\u0107 parking przy ul. Orzechowej (przy skrzy\u017cowaniu z Krynick\u0105).&nbsp;<\/p>\n<p>&nbsp;<a href=\"http:\/\/www.tvk-gaj.pl\/~gajonline\/wp-content\/uploads\/2018\/01\/26841418_1745355448828642_6642316415272617997_o.jpg\"><img loading=\"lazy\" decoding=\"async\" class=\"aligncenter size-large wp-image-9922\" src=\"http:\/\/www.tvk-gaj.pl\/~gajonline\/wp-content\/uploads\/2018\/01\/26841418_1745355448828642_6642316415272617997_o-1024x768.jpg\" alt=\"\" width=\"838\" height=\"629\" srcset=\"https:\/\/online.tvk-gaj.pl\/wp-content\/uploads\/2018\/01\/26841418_1745355448828642_6642316415272617997_o-1024x768.jpg 1024w, https:\/\/online.tvk-gaj.pl\/wp-content\/uploads\/2018\/01\/26841418_1745355448828642_6642316415272617997_o-300x225.jpg 300w, https:\/\/online.tvk-gaj.pl\/wp-content\/uploads\/2018\/01\/26841418_1745355448828642_6642316415272617997_o-768x576.jpg 768w, https:\/\/online.tvk-gaj.pl\/wp-content\/uploads\/2018\/01\/26841418_1745355448828642_6642316415272617997_o.jpg 1978w\" sizes=\"auto, (max-width: 838px) 100vw, 838px\" \/><\/a><\/p>\n<p>&nbsp;<\/p>\n<p>Miasto planuje remont parkingu przy zbiegu ulic Orzechowej i Krynickiej. Obecnie parking znajduje si\u0119 w z\u0142ym stanie technicznym, st\u0105d pomys\u0142 na jego remont\/przebudow\u0119.<\/p>\n<p>&nbsp;<\/p>\n<p>&nbsp;<\/p>\n<p><a href=\"http:\/\/www.tvk-gaj.pl\/~gajonline\/wp-content\/uploads\/2018\/01\/GajOnline-Strona-g\u0142\u00f3wna2.png\"><img loading=\"lazy\" decoding=\"async\" class=\"aligncenter size-full wp-image-9925\" src=\"http:\/\/www.tvk-gaj.pl\/~gajonline\/wp-content\/uploads\/2018\/01\/GajOnline-Strona-g\u0142\u00f3wna2.png\" alt=\"\" width=\"520\" height=\"465\" srcset=\"https:\/\/online.tvk-gaj.pl\/wp-content\/uploads\/2018\/01\/GajOnline-Strona-g\u0142\u00f3wna2.png 520w, https:\/\/online.tvk-gaj.pl\/wp-content\/uploads\/2018\/01\/GajOnline-Strona-g\u0142\u00f3wna2-300x268.png 300w\" sizes=\"auto, (max-width: 520px) 100vw, 520px\" \/><\/a><\/p>\n<p>&nbsp;<\/p>\n<p>&nbsp;<\/p>\n<p><strong>A jak Wam parkuje si\u0119 na Gaju? Gdzie uwa\u017cacie, \u017ce s\u0105 najwi\u0119ksze problemy z pozostawieniem samochodu? Zapraszamy do dyskusji na naszym <a href=\"https:\/\/www.facebook.com\/osiedlegaj\/\" target=\"_blank\" rel=\"noopener\">facebook&#8217;owym profilu<\/a>!<\/strong><\/p>\n<p>&nbsp;<\/p>\n","protected":false},"excerpt":{"rendered":"<p>Miejska sp\u00f3\u0142ka Wroc\u0142awskie Inwestycje zaplanowa\u0142a do ko\u0144ca bie\u017c\u0105cego roku budow\u0119 7 nowych parking\u00f3w w ramach zadania \u201eBudowa systemu Parkuj i jed\u017a we Wroc\u0142awiu \u2013 Etap I\u201d. Jeden z nich ma powsta\u0107 przy skrzy\u017cowaniu ulic Bardzkiej i \u015awieradowskiej (w pobli\u017cu przystank\u00f3w MPK). To jeden z dw\u00f3ch parking\u00f3w, kt\u00f3re miasto chce odda\u0107 do u\u017cytku w tym roku [&hellip;]<\/p>\n","protected":false},"author":1,"featured_media":9922,"comment_status":"open","ping_status":"open","sticky":false,"template":"","format":"standard","meta":{"footnotes":""},"categories":[14],"tags":[197,112,153,209,218,941,157,510,117],"class_list":["post-9921","post","type-post","status-publish","format-standard","has-post-thumbnail","hentry","category-aktualnosci","tag-bardzka","tag-gaj","tag-inwestycje","tag-krynicka","tag-orzechowa","tag-park-and-ride","tag-parking","tag-parkingi","tag-swieradowska"],"_links":{"self":[{"href":"https:\/\/online.tvk-gaj.pl\/index.php?rest_route=\/wp\/v2\/posts\/9921","targetHints":{"allow":["GET"]}}],"collection":[{"href":"https:\/\/online.tvk-gaj.pl\/index.php?rest_route=\/wp\/v2\/posts"}],"about":[{"href":"https:\/\/online.tvk-gaj.pl\/index.php?rest_route=\/wp\/v2\/types\/post"}],"author":[{"embeddable":true,"href":"https:\/\/online.tvk-gaj.pl\/index.php?rest_route=\/wp\/v2\/users\/1"}],"replies":[{"embeddable":true,"href":"https:\/\/online.tvk-gaj.pl\/index.php?rest_route=%2Fwp%2Fv2%2Fcomments&post=9921"}],"version-history":[{"count":4,"href":"https:\/\/online.tvk-gaj.pl\/index.php?rest_route=\/wp\/v2\/posts\/9921\/revisions"}],"predecessor-version":[{"id":9928,"href":"https:\/\/online.tvk-gaj.pl\/index.php?rest_route=\/wp\/v2\/posts\/9921\/revisions\/9928"}],"wp:featuredmedia":[{"embeddable":true,"href":"https:\/\/online.tvk-gaj.pl\/index.php?rest_route=\/wp\/v2\/media\/9922"}],"wp:attachment":[{"href":"https:\/\/online.tvk-gaj.pl\/index.php?rest_route=%2Fwp%2Fv2%2Fmedia&parent=9921"}],"wp:term":[{"taxonomy":"category","embeddable":true,"href":"https:\/\/online.tvk-gaj.pl\/index.php?rest_route=%2Fwp%2Fv2%2Fcategories&post=9921"},{"taxonomy":"post_tag","embeddable":true,"href":"https:\/\/online.tvk-gaj.pl\/index.php?rest_route=%2Fwp%2Fv2%2Ftags&post=9921"}],"curies":[{"name":"wp","href":"https:\/\/api.w.org\/{rel}","templated":true}]}}