{"id":9929,"date":"2018-01-28T16:24:29","date_gmt":"2018-01-28T15:24:29","guid":{"rendered":"http:\/\/www.tvk-gaj.pl\/~gajonline\/?p=9929"},"modified":"2018-01-28T16:24:29","modified_gmt":"2018-01-28T15:24:29","slug":"wieczorne-koledowanie-w-klubie-seniora","status":"publish","type":"post","link":"https:\/\/online.tvk-gaj.pl\/?p=9929","title":{"rendered":"Wieczorne kol\u0119dowanie w Klubie Seniora"},"content":{"rendered":"<p><span id=\"fbPhotoSnowliftCaption\" class=\"fbPhotosPhotoCaption\" tabindex=\"0\" aria-live=\"polite\" data-ft=\"{&quot;tn&quot;:&quot;K&quot;}\"><span class=\"hasCaption\">W sobotni wiecz\u00f3r (27.01) w Klubie Seniora na Gaju odby\u0142 si\u0119 kameralny koncert kol\u0119d.&nbsp; Kol\u0119dy \u015bpiewa\u0142a wraz z zebranymi (i gra\u0142a na organach) Aleksandra \u017bminkowska &#8211; \u015bpiewaczka operowa.&nbsp;<\/span><\/span><!--more--><\/p>\n<p>&nbsp;<\/p>\n<p><a href=\"http:\/\/www.tvk-gaj.pl\/~gajonline\/wp-content\/uploads\/2018\/01\/26993326_1567147410073785_1065983619366323393_n.jpg\"><img loading=\"lazy\" decoding=\"async\" class=\"aligncenter size-full wp-image-9930\" src=\"http:\/\/www.tvk-gaj.pl\/~gajonline\/wp-content\/uploads\/2018\/01\/26993326_1567147410073785_1065983619366323393_n.jpg\" alt=\"\" width=\"953\" height=\"825\" srcset=\"https:\/\/online.tvk-gaj.pl\/wp-content\/uploads\/2018\/01\/26993326_1567147410073785_1065983619366323393_n.jpg 953w, https:\/\/online.tvk-gaj.pl\/wp-content\/uploads\/2018\/01\/26993326_1567147410073785_1065983619366323393_n-300x260.jpg 300w, https:\/\/online.tvk-gaj.pl\/wp-content\/uploads\/2018\/01\/26993326_1567147410073785_1065983619366323393_n-768x665.jpg 768w\" sizes=\"auto, (max-width: 953px) 100vw, 953px\" \/><\/a><\/p>\n<p>&nbsp;<\/p>\n<p><span id=\"fbPhotoSnowliftCaption\" class=\"fbPhotosPhotoCaption\" tabindex=\"0\" aria-live=\"polite\" data-ft=\"{&quot;tn&quot;:&quot;K&quot;}\"><span class=\"hasCaption\">Po koncercie obecni na spotkaniu zadawali pytania artystce. Nie oby\u0142o si\u0119 te\u017c bez pocz\u0119stunku i gor\u0105cej herbaty:)&nbsp;<\/span><\/span><\/p>\n<p>&nbsp;<\/p>\n<p><a href=\"http:\/\/www.tvk-gaj.pl\/~gajonline\/wp-content\/uploads\/2018\/01\/26994032_1567527723369087_2843385341359620009_n.jpg\"><img loading=\"lazy\" decoding=\"async\" class=\"aligncenter size-full wp-image-9931\" src=\"http:\/\/www.tvk-gaj.pl\/~gajonline\/wp-content\/uploads\/2018\/01\/26994032_1567527723369087_2843385341359620009_n.jpg\" alt=\"\" width=\"960\" height=\"720\" srcset=\"https:\/\/online.tvk-gaj.pl\/wp-content\/uploads\/2018\/01\/26994032_1567527723369087_2843385341359620009_n.jpg 960w, https:\/\/online.tvk-gaj.pl\/wp-content\/uploads\/2018\/01\/26994032_1567527723369087_2843385341359620009_n-300x225.jpg 300w, https:\/\/online.tvk-gaj.pl\/wp-content\/uploads\/2018\/01\/26994032_1567527723369087_2843385341359620009_n-768x576.jpg 768w\" sizes=\"auto, (max-width: 960px) 100vw, 960px\" \/><\/a><\/p>\n<p>&nbsp;<\/p>\n<p><span id=\"fbPhotoSnowliftCaption\" class=\"fbPhotosPhotoCaption\" tabindex=\"0\" aria-live=\"polite\" data-ft=\"{&quot;tn&quot;:&quot;K&quot;}\"><span class=\"hasCaption\">Wiecz\u00f3r kol\u0119dowania przygotowany i prowadzony zosta\u0142 przez koordynatora kultury Ma\u0142gorzat\u0119 Ryfa.<\/span><\/span><\/p>\n<p>&nbsp;<\/p>\n<p><a href=\"http:\/\/www.tvk-gaj.pl\/~gajonline\/wp-content\/uploads\/2018\/01\/26994295_1567526976702495_3737447136629839937_n.jpg\"><img loading=\"lazy\" decoding=\"async\" class=\"aligncenter size-full wp-image-9932\" src=\"http:\/\/www.tvk-gaj.pl\/~gajonline\/wp-content\/uploads\/2018\/01\/26994295_1567526976702495_3737447136629839937_n.jpg\" alt=\"\" width=\"960\" height=\"720\" srcset=\"https:\/\/online.tvk-gaj.pl\/wp-content\/uploads\/2018\/01\/26994295_1567526976702495_3737447136629839937_n.jpg 960w, https:\/\/online.tvk-gaj.pl\/wp-content\/uploads\/2018\/01\/26994295_1567526976702495_3737447136629839937_n-300x225.jpg 300w, https:\/\/online.tvk-gaj.pl\/wp-content\/uploads\/2018\/01\/26994295_1567526976702495_3737447136629839937_n-768x576.jpg 768w\" sizes=\"auto, (max-width: 960px) 100vw, 960px\" \/><\/a><\/p>\n<p>&nbsp;<\/p>\n<p><span id=\"fbPhotoSnowliftCaption\" class=\"fbPhotosPhotoCaption\" tabindex=\"0\" aria-live=\"polite\" data-ft=\"{&quot;tn&quot;:&quot;K&quot;}\"><span class=\"hasCaption\">Niedawno pisali\u015bmy o remoncie siedziby klubu, a ju\u017c pierwsze w tym roku wydarzenia za nami:)<\/span><\/span><\/p>\n<p>&nbsp;<\/p>\n<p><a href=\"http:\/\/www.tvk-gaj.pl\/~gajonline\/wp-content\/uploads\/2018\/01\/27336553_1567527343369125_3825429476598253626_n.jpg\"><img loading=\"lazy\" decoding=\"async\" class=\"aligncenter size-full wp-image-9933\" src=\"http:\/\/www.tvk-gaj.pl\/~gajonline\/wp-content\/uploads\/2018\/01\/27336553_1567527343369125_3825429476598253626_n.jpg\" alt=\"\" width=\"960\" height=\"720\" srcset=\"https:\/\/online.tvk-gaj.pl\/wp-content\/uploads\/2018\/01\/27336553_1567527343369125_3825429476598253626_n.jpg 960w, https:\/\/online.tvk-gaj.pl\/wp-content\/uploads\/2018\/01\/27336553_1567527343369125_3825429476598253626_n-300x225.jpg 300w, https:\/\/online.tvk-gaj.pl\/wp-content\/uploads\/2018\/01\/27336553_1567527343369125_3825429476598253626_n-768x576.jpg 768w\" sizes=\"auto, (max-width: 960px) 100vw, 960px\" \/><\/a><\/p>\n<p>&nbsp;<\/p>\n<p>Korzystaj\u0105c z okazji serdecznie zapraszamy wszystkich senior\u00f3w osiedla do korzystania z Klubu Seniora!<\/p>\n<p>&nbsp;<\/p>\n","protected":false},"excerpt":{"rendered":"<p>W sobotni wiecz\u00f3r (27.01) w Klubie Seniora na Gaju odby\u0142 si\u0119 kameralny koncert kol\u0119d.&nbsp; Kol\u0119dy \u015bpiewa\u0142a wraz z zebranymi (i gra\u0142a na organach) Aleksandra \u017bminkowska &#8211; \u015bpiewaczka operowa.&nbsp;<\/p>\n","protected":false},"author":1,"featured_media":9930,"comment_status":"open","ping_status":"open","sticky":false,"template":"","format":"standard","meta":{"footnotes":""},"categories":[14,441],"tags":[112,422,431,421,943,942,653,135,152,944],"class_list":["post-9929","post","type-post","status-publish","format-standard","has-post-thumbnail","hentry","category-aktualnosci","category-klub","tag-gaj","tag-klub","tag-klub-seniora","tag-klub-seniora-na-gaju","tag-koledowanie","tag-koledy","tag-koncert","tag-rada-osiedla-gaj","tag-seniorzy","tag-wieczor-koled"],"_links":{"self":[{"href":"https:\/\/online.tvk-gaj.pl\/index.php?rest_route=\/wp\/v2\/posts\/9929","targetHints":{"allow":["GET"]}}],"collection":[{"href":"https:\/\/online.tvk-gaj.pl\/index.php?rest_route=\/wp\/v2\/posts"}],"about":[{"href":"https:\/\/online.tvk-gaj.pl\/index.php?rest_route=\/wp\/v2\/types\/post"}],"author":[{"embeddable":true,"href":"https:\/\/online.tvk-gaj.pl\/index.php?rest_route=\/wp\/v2\/users\/1"}],"replies":[{"embeddable":true,"href":"https:\/\/online.tvk-gaj.pl\/index.php?rest_route=%2Fwp%2Fv2%2Fcomments&post=9929"}],"version-history":[{"count":1,"href":"https:\/\/online.tvk-gaj.pl\/index.php?rest_route=\/wp\/v2\/posts\/9929\/revisions"}],"predecessor-version":[{"id":9934,"href":"https:\/\/online.tvk-gaj.pl\/index.php?rest_route=\/wp\/v2\/posts\/9929\/revisions\/9934"}],"wp:featuredmedia":[{"embeddable":true,"href":"https:\/\/online.tvk-gaj.pl\/index.php?rest_route=\/wp\/v2\/media\/9930"}],"wp:attachment":[{"href":"https:\/\/online.tvk-gaj.pl\/index.php?rest_route=%2Fwp%2Fv2%2Fmedia&parent=9929"}],"wp:term":[{"taxonomy":"category","embeddable":true,"href":"https:\/\/online.tvk-gaj.pl\/index.php?rest_route=%2Fwp%2Fv2%2Fcategories&post=9929"},{"taxonomy":"post_tag","embeddable":true,"href":"https:\/\/online.tvk-gaj.pl\/index.php?rest_route=%2Fwp%2Fv2%2Ftags&post=9929"}],"curies":[{"name":"wp","href":"https:\/\/api.w.org\/{rel}","templated":true}]}}