{"id":9936,"date":"2018-02-01T21:24:53","date_gmt":"2018-02-01T20:24:53","guid":{"rendered":"http:\/\/www.tvk-gaj.pl\/~gajonline\/?p=9936"},"modified":"2018-02-01T21:24:53","modified_gmt":"2018-02-01T20:24:53","slug":"plan-spotkan-klubu-seniora-na-luty-3","status":"publish","type":"post","link":"https:\/\/online.tvk-gaj.pl\/?p=9936","title":{"rendered":"Plan spotka\u0144 Klubu Seniora na luty"},"content":{"rendered":"<p>Wraz z nowym rokiem osiedlowy Klub Seniora na Gaju rozpoczyna prac\u0119 z now\u0105 ofert\u0105 skierowan\u0105 dla osiedlowych senior\u00f3w. Prezentujemy plan spotka\u0144 na luty.&nbsp;<!--more--><\/p>\n<p>Stycze\u0144 w Klubie Seniora min\u0105\u0142 bardzo aktywnie. Opr\u00f3cz planowych zaj\u0119\u0107 i spotka\u0144 mieli\u015bmy dwa wa\u017cne wydarzenia.<\/p>\n<p>Pierwszym by\u0142o zako\u0144czenie remontu siedziby po\u0142\u0105czone z oficjaln\u0105 wizyt\u0105 przedstawicieli miasta i osiedla.<\/p>\n<p>Drugim by\u0142 wspania\u0142y koncert kol\u0119d, kt\u00f3ry odby\u0142 si\u0119 w ostatni weekend stycznia.&nbsp;<\/p>\n<p>&nbsp;<\/p>\n<p><strong>Plan spotka\u0144 Klubu Seniora na Gaju na luty.<\/strong><\/p>\n<p>&nbsp;<\/p>\n<p>&nbsp;<\/p>\n<p><a href=\"http:\/\/www.tvk-gaj.pl\/~gajonline\/wp-content\/uploads\/2018\/02\/harmonogram-luty-2018.jpg\"><img loading=\"lazy\" decoding=\"async\" class=\"aligncenter size-large wp-image-9937\" src=\"http:\/\/www.tvk-gaj.pl\/~gajonline\/wp-content\/uploads\/2018\/02\/harmonogram-luty-2018-724x1024.jpg\" alt=\"\" width=\"724\" height=\"1024\" srcset=\"https:\/\/online.tvk-gaj.pl\/wp-content\/uploads\/2018\/02\/harmonogram-luty-2018-724x1024.jpg 724w, https:\/\/online.tvk-gaj.pl\/wp-content\/uploads\/2018\/02\/harmonogram-luty-2018-212x300.jpg 212w, https:\/\/online.tvk-gaj.pl\/wp-content\/uploads\/2018\/02\/harmonogram-luty-2018-768x1086.jpg 768w\" sizes=\"auto, (max-width: 724px) 100vw, 724px\" \/><\/a><\/p>\n<p>&nbsp;<\/p>\n<p>&nbsp;<\/p>\n<p>&nbsp;<\/p>\n<p>&nbsp;<\/p>\n<p><strong>Spotkania odbywaj\u0105 si\u0119 w nowej siedzibie Klubu przy ul. Krynickiej 51 (teren Przychodni Zdrowia).<\/strong><\/p>\n<p>&nbsp;<\/p>\n<p>Serdecznie zapraszamy na zaj\u0119cia wszystkich senior\u00f3w z osiedla!<\/p>\n<p>&nbsp;<\/p>\n","protected":false},"excerpt":{"rendered":"<p>Wraz z nowym rokiem osiedlowy Klub Seniora na Gaju rozpoczyna prac\u0119 z now\u0105 ofert\u0105 skierowan\u0105 dla osiedlowych senior\u00f3w. Prezentujemy plan spotka\u0144 na luty.&nbsp;<\/p>\n","protected":false},"author":1,"featured_media":9937,"comment_status":"open","ping_status":"open","sticky":false,"template":"","format":"standard","meta":{"footnotes":""},"categories":[14,441],"tags":[669,112,431,421,945,166,475],"class_list":["post-9936","post","type-post","status-publish","format-standard","has-post-thumbnail","hentry","category-aktualnosci","category-klub","tag-anna-galuszka","tag-gaj","tag-klub-seniora","tag-klub-seniora-na-gaju","tag-malgorzata-ryfa","tag-osiedle-gaj","tag-plan"],"_links":{"self":[{"href":"https:\/\/online.tvk-gaj.pl\/index.php?rest_route=\/wp\/v2\/posts\/9936","targetHints":{"allow":["GET"]}}],"collection":[{"href":"https:\/\/online.tvk-gaj.pl\/index.php?rest_route=\/wp\/v2\/posts"}],"about":[{"href":"https:\/\/online.tvk-gaj.pl\/index.php?rest_route=\/wp\/v2\/types\/post"}],"author":[{"embeddable":true,"href":"https:\/\/online.tvk-gaj.pl\/index.php?rest_route=\/wp\/v2\/users\/1"}],"replies":[{"embeddable":true,"href":"https:\/\/online.tvk-gaj.pl\/index.php?rest_route=%2Fwp%2Fv2%2Fcomments&post=9936"}],"version-history":[{"count":1,"href":"https:\/\/online.tvk-gaj.pl\/index.php?rest_route=\/wp\/v2\/posts\/9936\/revisions"}],"predecessor-version":[{"id":9938,"href":"https:\/\/online.tvk-gaj.pl\/index.php?rest_route=\/wp\/v2\/posts\/9936\/revisions\/9938"}],"wp:featuredmedia":[{"embeddable":true,"href":"https:\/\/online.tvk-gaj.pl\/index.php?rest_route=\/wp\/v2\/media\/9937"}],"wp:attachment":[{"href":"https:\/\/online.tvk-gaj.pl\/index.php?rest_route=%2Fwp%2Fv2%2Fmedia&parent=9936"}],"wp:term":[{"taxonomy":"category","embeddable":true,"href":"https:\/\/online.tvk-gaj.pl\/index.php?rest_route=%2Fwp%2Fv2%2Fcategories&post=9936"},{"taxonomy":"post_tag","embeddable":true,"href":"https:\/\/online.tvk-gaj.pl\/index.php?rest_route=%2Fwp%2Fv2%2Ftags&post=9936"}],"curies":[{"name":"wp","href":"https:\/\/api.w.org\/{rel}","templated":true}]}}