{"id":9939,"date":"2018-02-02T21:16:45","date_gmt":"2018-02-02T20:16:45","guid":{"rendered":"http:\/\/www.tvk-gaj.pl\/~gajonline\/?p=9939"},"modified":"2018-02-02T21:16:45","modified_gmt":"2018-02-02T20:16:45","slug":"plany-nowej-linii-tramwajowej-na-gaj","status":"publish","type":"post","link":"https:\/\/online.tvk-gaj.pl\/?p=9939","title":{"rendered":"Plany nowej linii tramwajowej na Gaj"},"content":{"rendered":"<p>W zwi\u0105zku z planowanym oddaniem do ruchu torowiska tramwajowego przy ul. Hubskiej i uruchomieniem nowej linii 16 miasto opracowa\u0142o dwie wst\u0119pne mo\u017cliwo\u015bci przebiegu jej trasy. <!--more--><\/p>\n<p>&nbsp;<\/p>\n<p><strong>Wariant I<\/strong><\/p>\n<p>&nbsp;<\/p>\n<p><a href=\"http:\/\/www.tvk-gaj.pl\/~gajonline\/wp-content\/uploads\/2018\/02\/skan094.jpg\"><img loading=\"lazy\" decoding=\"async\" class=\"aligncenter size-large wp-image-9943\" src=\"http:\/\/www.tvk-gaj.pl\/~gajonline\/wp-content\/uploads\/2018\/02\/skan094-719x1024.jpg\" alt=\"\" width=\"719\" height=\"1024\" srcset=\"https:\/\/online.tvk-gaj.pl\/wp-content\/uploads\/2018\/02\/skan094-719x1024.jpg 719w, https:\/\/online.tvk-gaj.pl\/wp-content\/uploads\/2018\/02\/skan094-211x300.jpg 211w, https:\/\/online.tvk-gaj.pl\/wp-content\/uploads\/2018\/02\/skan094-768x1094.jpg 768w\" sizes=\"auto, (max-width: 719px) 100vw, 719px\" \/><\/a><\/p>\n<p>&nbsp;<\/p>\n<p><a href=\"http:\/\/www.tvk-gaj.pl\/~gajonline\/wp-content\/uploads\/2018\/02\/skan092-1.jpg\"><img loading=\"lazy\" decoding=\"async\" class=\"aligncenter size-large wp-image-9941\" src=\"http:\/\/www.tvk-gaj.pl\/~gajonline\/wp-content\/uploads\/2018\/02\/skan092-1-1024x407.jpg\" alt=\"\" width=\"838\" height=\"333\" srcset=\"https:\/\/online.tvk-gaj.pl\/wp-content\/uploads\/2018\/02\/skan092-1-1024x407.jpg 1024w, https:\/\/online.tvk-gaj.pl\/wp-content\/uploads\/2018\/02\/skan092-1-300x119.jpg 300w, https:\/\/online.tvk-gaj.pl\/wp-content\/uploads\/2018\/02\/skan092-1-768x305.jpg 768w, https:\/\/online.tvk-gaj.pl\/wp-content\/uploads\/2018\/02\/skan092-1.jpg 1842w\" sizes=\"auto, (max-width: 838px) 100vw, 838px\" \/><\/a><\/p>\n<p>&nbsp;<\/p>\n<p><strong>Wariant II<\/strong><\/p>\n<p><a href=\"http:\/\/www.tvk-gaj.pl\/~gajonline\/wp-content\/uploads\/2018\/02\/skan095.jpg\"><img loading=\"lazy\" decoding=\"async\" class=\"aligncenter size-large wp-image-9944\" src=\"http:\/\/www.tvk-gaj.pl\/~gajonline\/wp-content\/uploads\/2018\/02\/skan095-719x1024.jpg\" alt=\"\" width=\"719\" height=\"1024\" srcset=\"https:\/\/online.tvk-gaj.pl\/wp-content\/uploads\/2018\/02\/skan095-719x1024.jpg 719w, https:\/\/online.tvk-gaj.pl\/wp-content\/uploads\/2018\/02\/skan095-211x300.jpg 211w, https:\/\/online.tvk-gaj.pl\/wp-content\/uploads\/2018\/02\/skan095-768x1094.jpg 768w\" sizes=\"auto, (max-width: 719px) 100vw, 719px\" \/><\/a><\/p>\n<p>&nbsp;<\/p>\n<p><a href=\"http:\/\/www.tvk-gaj.pl\/~gajonline\/wp-content\/uploads\/2018\/02\/skan0932.jpg\"><img loading=\"lazy\" decoding=\"async\" class=\"aligncenter size-large wp-image-9942\" src=\"http:\/\/www.tvk-gaj.pl\/~gajonline\/wp-content\/uploads\/2018\/02\/skan0932-1024x529.jpg\" alt=\"\" width=\"838\" height=\"433\" srcset=\"https:\/\/online.tvk-gaj.pl\/wp-content\/uploads\/2018\/02\/skan0932-1024x529.jpg 1024w, https:\/\/online.tvk-gaj.pl\/wp-content\/uploads\/2018\/02\/skan0932-300x155.jpg 300w, https:\/\/online.tvk-gaj.pl\/wp-content\/uploads\/2018\/02\/skan0932-768x396.jpg 768w, https:\/\/online.tvk-gaj.pl\/wp-content\/uploads\/2018\/02\/skan0932.jpg 1792w\" sizes=\"auto, (max-width: 838px) 100vw, 838px\" \/><\/a><\/p>\n<p>&nbsp;<\/p>\n<p>&nbsp;<\/p>\n<p>W obu wariantach wraz z uruchomieniem linii 16 na trasie ZOO-Tarnogaj, kursy linii 145 zostan\u0105 skierowane od al. Armii Krajowej poprzez ulic\u0119 Bardzk\u0105 do p\u0119tli autobusowej Gaj, zlokalizowanej przy skrzy\u017cowaniu ulic \u015awieradowskiej i Bardzkiej.&nbsp;<\/p>\n<p>&nbsp;<\/p>\n<p><strong>Pytanie do Was &#8211; kt\u00f3ry wariant uznajecie z korzystniejszy dla Gaju? Zapraszamy do dyskusji na stronie i na <span style=\"color: #000000;\"><a style=\"color: #000000;\" href=\"https:\/\/www.facebook.com\/osiedlegaj\/\" target=\"_blank\" rel=\"noopener\">naszym profilu na Facebooku<\/a><\/span>!<\/strong><\/p>\n<p>&nbsp;<\/p>\n","protected":false},"excerpt":{"rendered":"<p>W zwi\u0105zku z planowanym oddaniem do ruchu torowiska tramwajowego przy ul. Hubskiej i uruchomieniem nowej linii 16 miasto opracowa\u0142o dwie wst\u0119pne mo\u017cliwo\u015bci przebiegu jej trasy.<\/p>\n","protected":false},"author":1,"featured_media":2150,"comment_status":"open","ping_status":"open","sticky":false,"template":"","format":"standard","meta":{"footnotes":""},"categories":[14,12],"tags":[198,197,112,947,946,156,949,166,117,231,165,948],"class_list":["post-9939","post","type-post","status-publish","format-standard","has-post-thumbnail","hentry","category-aktualnosci","category-artykuly","tag-armii-krajowej","tag-bardzka","tag-gaj","tag-hubska","tag-linia-16","tag-mpk","tag-nowy-tramwaj-na-gaj","tag-osiedle-gaj","tag-swieradowska","tag-tramwaj","tag-wroclaw","tag-zoo"],"_links":{"self":[{"href":"https:\/\/online.tvk-gaj.pl\/index.php?rest_route=\/wp\/v2\/posts\/9939","targetHints":{"allow":["GET"]}}],"collection":[{"href":"https:\/\/online.tvk-gaj.pl\/index.php?rest_route=\/wp\/v2\/posts"}],"about":[{"href":"https:\/\/online.tvk-gaj.pl\/index.php?rest_route=\/wp\/v2\/types\/post"}],"author":[{"embeddable":true,"href":"https:\/\/online.tvk-gaj.pl\/index.php?rest_route=\/wp\/v2\/users\/1"}],"replies":[{"embeddable":true,"href":"https:\/\/online.tvk-gaj.pl\/index.php?rest_route=%2Fwp%2Fv2%2Fcomments&post=9939"}],"version-history":[{"count":1,"href":"https:\/\/online.tvk-gaj.pl\/index.php?rest_route=\/wp\/v2\/posts\/9939\/revisions"}],"predecessor-version":[{"id":9945,"href":"https:\/\/online.tvk-gaj.pl\/index.php?rest_route=\/wp\/v2\/posts\/9939\/revisions\/9945"}],"wp:featuredmedia":[{"embeddable":true,"href":"https:\/\/online.tvk-gaj.pl\/index.php?rest_route=\/wp\/v2\/media\/2150"}],"wp:attachment":[{"href":"https:\/\/online.tvk-gaj.pl\/index.php?rest_route=%2Fwp%2Fv2%2Fmedia&parent=9939"}],"wp:term":[{"taxonomy":"category","embeddable":true,"href":"https:\/\/online.tvk-gaj.pl\/index.php?rest_route=%2Fwp%2Fv2%2Fcategories&post=9939"},{"taxonomy":"post_tag","embeddable":true,"href":"https:\/\/online.tvk-gaj.pl\/index.php?rest_route=%2Fwp%2Fv2%2Ftags&post=9939"}],"curies":[{"name":"wp","href":"https:\/\/api.w.org\/{rel}","templated":true}]}}