{"id":9952,"date":"2018-02-15T21:38:04","date_gmt":"2018-02-15T20:38:04","guid":{"rendered":"http:\/\/www.tvk-gaj.pl\/~gajonline\/?p=9952"},"modified":"2018-02-20T21:15:38","modified_gmt":"2018-02-20T20:15:38","slug":"rusza-przebudowa-wiaduktu-pomiedzy-bardzka-a-buforowa","status":"publish","type":"post","link":"https:\/\/online.tvk-gaj.pl\/?p=9952","title":{"rendered":"Przebudowa wiaduktu pomi\u0119dzy Bardzk\u0105, a Buforow\u0105 [zdj\u0119cia]"},"content":{"rendered":"<p>W nocy z pi\u0105tku na sobot\u0119 (16\/17 lutego) rozpocze\u0142a si\u0119 (d\u0142ugo wyczekiwana) przebudowa wiaduktu pomi\u0119dzy ulicami Bardzk\u0105, a Buforow\u0105 [Aktualizacja: zdj\u0119cia z rozbi\u00f3rki].&nbsp;<!--more--><\/p>\n<p>&nbsp;<\/p>\n<p>Jest to cz\u0119\u015b\u0107 inwestycji zwi\u0105zanej z przebudow\u0105 ci\u0105gu drogi nr 395 (ulica Buforowa). Aby remont by\u0142 jak najmniej uci\u0105\u017cliwy dla kierowc\u00f3w, miejska sp\u00f3\u0142ka Wroc\u0142awskie Inwestycje postanowi\u0142a podzieli\u0107 go na etapy i realizowa\u0107 wy\u0142\u0105cznie w weekendy.&nbsp;<\/p>\n<blockquote><p><strong>Godziny ogranicze\u0144 w ruchu:<\/strong><\/p>\n<p>noc z pi\u0105tku na sobot\u0119 od 23.15 do 5.00,<\/p>\n<p>noc z soboty na niedziel\u0119 od&nbsp; 22.45 do 5.20<\/p>\n<p>noc z niedzieli na poniedzia\u0142ek od 22.45 do&nbsp; 4.30&nbsp;<\/p><\/blockquote>\n<p>&nbsp;<\/p>\n<p><a href=\"http:\/\/www.tvk-gaj.pl\/~gajonline\/wp-content\/uploads\/2018\/02\/bardzka.png\"><img loading=\"lazy\" decoding=\"async\" class=\"aligncenter size-large wp-image-9953\" src=\"http:\/\/www.tvk-gaj.pl\/~gajonline\/wp-content\/uploads\/2018\/02\/bardzka-1024x534.png\" alt=\"\" width=\"838\" height=\"437\" srcset=\"https:\/\/online.tvk-gaj.pl\/wp-content\/uploads\/2018\/02\/bardzka-1024x534.png 1024w, https:\/\/online.tvk-gaj.pl\/wp-content\/uploads\/2018\/02\/bardzka-300x156.png 300w, https:\/\/online.tvk-gaj.pl\/wp-content\/uploads\/2018\/02\/bardzka-768x400.png 768w, https:\/\/online.tvk-gaj.pl\/wp-content\/uploads\/2018\/02\/bardzka.png 1485w\" sizes=\"auto, (max-width: 838px) 100vw, 838px\" \/><\/a><\/p>\n<p>&nbsp;<\/p>\n<p>Wtedy te\u017c przejazd mo\u017cliwy b\u0119dzie wy\u0142\u0105cznie objazdem ul. Konduktorsk\u0105, Centraln\u0105, Semaforow\u0105, Mo\u015bcickiego, Gazowa i Morwow\u0105 z powrotem do Bardzkiej. Objazd b\u0119dzie funkcjonowa\u0142 w dwie strony i dost\u0119pny ma by\u0107 tylko dla samochod\u00f3w do 3,5 t oraz komunikacji miejskiej.<\/p>\n<p>&nbsp;<\/p>\n<p>Wiadukt ma zosta\u0107 oddany do u\u017cytku w pierwszej po\u0142owie 2019 roku.&nbsp;<\/p>\n<p>&nbsp;<\/p>\n<p><strong>[AKTUALIZACJA 19.02.2018] Zdj\u0119cia z rozbi\u00f3rki wiaduktu:<\/strong><\/p>\n<p>&nbsp;<\/p>\n\n\t\t<style type=\"text\/css\">\n\t\t\t#gallery-1 {\n\t\t\t\tmargin: auto;\n\t\t\t}\n\t\t\t#gallery-1 .gallery-item {\n\t\t\t\tfloat: left;\n\t\t\t\tmargin-top: 10px;\n\t\t\t\ttext-align: center;\n\t\t\t\twidth: 50%;\n\t\t\t}\n\t\t\t#gallery-1 img {\n\t\t\t\tborder: 2px solid #cfcfcf;\n\t\t\t}\n\t\t\t#gallery-1 .gallery-caption {\n\t\t\t\tmargin-left: 0;\n\t\t\t}\n\t\t\t\/* see gallery_shortcode() in wp-includes\/media.php *\/\n\t\t<\/style>\n\t\t<div id='gallery-1' class='gallery galleryid-9952 gallery-columns-2 gallery-size-full'><dl class='gallery-item'>\n\t\t\t<dt class='gallery-icon landscape'>\n\t\t\t\t<a href='https:\/\/online.tvk-gaj.pl\/wp-content\/uploads\/2018\/02\/2018-02-19-12.48.20.jpg'><img loading=\"lazy\" decoding=\"async\" width=\"2016\" height=\"1512\" src=\"https:\/\/online.tvk-gaj.pl\/wp-content\/uploads\/2018\/02\/2018-02-19-12.48.20.jpg\" class=\"attachment-full size-full\" alt=\"\" srcset=\"https:\/\/online.tvk-gaj.pl\/wp-content\/uploads\/2018\/02\/2018-02-19-12.48.20.jpg 2016w, https:\/\/online.tvk-gaj.pl\/wp-content\/uploads\/2018\/02\/2018-02-19-12.48.20-300x225.jpg 300w, https:\/\/online.tvk-gaj.pl\/wp-content\/uploads\/2018\/02\/2018-02-19-12.48.20-768x576.jpg 768w, https:\/\/online.tvk-gaj.pl\/wp-content\/uploads\/2018\/02\/2018-02-19-12.48.20-1024x768.jpg 1024w\" sizes=\"auto, (max-width: 2016px) 100vw, 2016px\" \/><\/a>\n\t\t\t<\/dt><\/dl><dl class='gallery-item'>\n\t\t\t<dt class='gallery-icon landscape'>\n\t\t\t\t<a href='https:\/\/online.tvk-gaj.pl\/wp-content\/uploads\/2018\/02\/2018-02-19-12.48.38.jpg'><img loading=\"lazy\" decoding=\"async\" width=\"2016\" height=\"1512\" src=\"https:\/\/online.tvk-gaj.pl\/wp-content\/uploads\/2018\/02\/2018-02-19-12.48.38.jpg\" class=\"attachment-full size-full\" alt=\"\" srcset=\"https:\/\/online.tvk-gaj.pl\/wp-content\/uploads\/2018\/02\/2018-02-19-12.48.38.jpg 2016w, https:\/\/online.tvk-gaj.pl\/wp-content\/uploads\/2018\/02\/2018-02-19-12.48.38-300x225.jpg 300w, https:\/\/online.tvk-gaj.pl\/wp-content\/uploads\/2018\/02\/2018-02-19-12.48.38-768x576.jpg 768w, https:\/\/online.tvk-gaj.pl\/wp-content\/uploads\/2018\/02\/2018-02-19-12.48.38-1024x768.jpg 1024w\" sizes=\"auto, (max-width: 2016px) 100vw, 2016px\" \/><\/a>\n\t\t\t<\/dt><\/dl><br style=\"clear: both\" \/><dl class='gallery-item'>\n\t\t\t<dt class='gallery-icon landscape'>\n\t\t\t\t<a href='https:\/\/online.tvk-gaj.pl\/wp-content\/uploads\/2018\/02\/2018-02-19-12.49.02.jpg'><img loading=\"lazy\" decoding=\"async\" width=\"2016\" height=\"1512\" src=\"https:\/\/online.tvk-gaj.pl\/wp-content\/uploads\/2018\/02\/2018-02-19-12.49.02.jpg\" class=\"attachment-full size-full\" alt=\"\" srcset=\"https:\/\/online.tvk-gaj.pl\/wp-content\/uploads\/2018\/02\/2018-02-19-12.49.02.jpg 2016w, https:\/\/online.tvk-gaj.pl\/wp-content\/uploads\/2018\/02\/2018-02-19-12.49.02-300x225.jpg 300w, https:\/\/online.tvk-gaj.pl\/wp-content\/uploads\/2018\/02\/2018-02-19-12.49.02-768x576.jpg 768w, https:\/\/online.tvk-gaj.pl\/wp-content\/uploads\/2018\/02\/2018-02-19-12.49.02-1024x768.jpg 1024w\" sizes=\"auto, (max-width: 2016px) 100vw, 2016px\" \/><\/a>\n\t\t\t<\/dt><\/dl><dl class='gallery-item'>\n\t\t\t<dt class='gallery-icon landscape'>\n\t\t\t\t<a href='https:\/\/online.tvk-gaj.pl\/wp-content\/uploads\/2018\/02\/2018-02-19-12.49.27.jpg'><img loading=\"lazy\" decoding=\"async\" width=\"2016\" height=\"1512\" src=\"https:\/\/online.tvk-gaj.pl\/wp-content\/uploads\/2018\/02\/2018-02-19-12.49.27.jpg\" class=\"attachment-full size-full\" alt=\"\" srcset=\"https:\/\/online.tvk-gaj.pl\/wp-content\/uploads\/2018\/02\/2018-02-19-12.49.27.jpg 2016w, https:\/\/online.tvk-gaj.pl\/wp-content\/uploads\/2018\/02\/2018-02-19-12.49.27-300x225.jpg 300w, https:\/\/online.tvk-gaj.pl\/wp-content\/uploads\/2018\/02\/2018-02-19-12.49.27-768x576.jpg 768w, https:\/\/online.tvk-gaj.pl\/wp-content\/uploads\/2018\/02\/2018-02-19-12.49.27-1024x768.jpg 1024w\" sizes=\"auto, (max-width: 2016px) 100vw, 2016px\" \/><\/a>\n\t\t\t<\/dt><\/dl><br style=\"clear: both\" \/><dl class='gallery-item'>\n\t\t\t<dt class='gallery-icon landscape'>\n\t\t\t\t<a href='https:\/\/online.tvk-gaj.pl\/wp-content\/uploads\/2018\/02\/2018-02-19-12.49.58.jpg'><img loading=\"lazy\" decoding=\"async\" width=\"2016\" height=\"1512\" src=\"https:\/\/online.tvk-gaj.pl\/wp-content\/uploads\/2018\/02\/2018-02-19-12.49.58.jpg\" class=\"attachment-full size-full\" alt=\"\" srcset=\"https:\/\/online.tvk-gaj.pl\/wp-content\/uploads\/2018\/02\/2018-02-19-12.49.58.jpg 2016w, https:\/\/online.tvk-gaj.pl\/wp-content\/uploads\/2018\/02\/2018-02-19-12.49.58-300x225.jpg 300w, https:\/\/online.tvk-gaj.pl\/wp-content\/uploads\/2018\/02\/2018-02-19-12.49.58-768x576.jpg 768w, https:\/\/online.tvk-gaj.pl\/wp-content\/uploads\/2018\/02\/2018-02-19-12.49.58-1024x768.jpg 1024w\" sizes=\"auto, (max-width: 2016px) 100vw, 2016px\" \/><\/a>\n\t\t\t<\/dt><\/dl>\n\t\t\t<br style='clear: both' \/>\n\t\t<\/div>\n\n<p>&nbsp;<\/p>\n<p>&nbsp;<\/p>\n<p>&nbsp;<\/p>\n","protected":false},"excerpt":{"rendered":"<p>W nocy z pi\u0105tku na sobot\u0119 (16\/17 lutego) rozpocze\u0142a si\u0119 (d\u0142ugo wyczekiwana) przebudowa wiaduktu pomi\u0119dzy ulicami Bardzk\u0105, a Buforow\u0105 [Aktualizacja: zdj\u0119cia z rozbi\u00f3rki].&nbsp;<\/p>\n","protected":false},"author":1,"featured_media":9953,"comment_status":"open","ping_status":"open","sticky":false,"template":"","format":"standard","meta":{"footnotes":""},"categories":[14,12],"tags":[197,553,312,112,554,555,515,477,953,203],"class_list":["post-9952","post","type-post","status-publish","format-standard","has-post-thumbnail","hentry","category-aktualnosci","category-artykuly","tag-bardzka","tag-buforowa","tag-droga","tag-gaj","tag-jagodno","tag-przebudowa","tag-remont","tag-wiadukt","tag-wroclawskie-inwestycje","tag-zdium"],"_links":{"self":[{"href":"https:\/\/online.tvk-gaj.pl\/index.php?rest_route=\/wp\/v2\/posts\/9952","targetHints":{"allow":["GET"]}}],"collection":[{"href":"https:\/\/online.tvk-gaj.pl\/index.php?rest_route=\/wp\/v2\/posts"}],"about":[{"href":"https:\/\/online.tvk-gaj.pl\/index.php?rest_route=\/wp\/v2\/types\/post"}],"author":[{"embeddable":true,"href":"https:\/\/online.tvk-gaj.pl\/index.php?rest_route=\/wp\/v2\/users\/1"}],"replies":[{"embeddable":true,"href":"https:\/\/online.tvk-gaj.pl\/index.php?rest_route=%2Fwp%2Fv2%2Fcomments&post=9952"}],"version-history":[{"count":6,"href":"https:\/\/online.tvk-gaj.pl\/index.php?rest_route=\/wp\/v2\/posts\/9952\/revisions"}],"predecessor-version":[{"id":9971,"href":"https:\/\/online.tvk-gaj.pl\/index.php?rest_route=\/wp\/v2\/posts\/9952\/revisions\/9971"}],"wp:featuredmedia":[{"embeddable":true,"href":"https:\/\/online.tvk-gaj.pl\/index.php?rest_route=\/wp\/v2\/media\/9953"}],"wp:attachment":[{"href":"https:\/\/online.tvk-gaj.pl\/index.php?rest_route=%2Fwp%2Fv2%2Fmedia&parent=9952"}],"wp:term":[{"taxonomy":"category","embeddable":true,"href":"https:\/\/online.tvk-gaj.pl\/index.php?rest_route=%2Fwp%2Fv2%2Fcategories&post=9952"},{"taxonomy":"post_tag","embeddable":true,"href":"https:\/\/online.tvk-gaj.pl\/index.php?rest_route=%2Fwp%2Fv2%2Ftags&post=9952"}],"curies":[{"name":"wp","href":"https:\/\/api.w.org\/{rel}","templated":true}]}}