{"id":9965,"date":"2018-02-23T21:59:36","date_gmt":"2018-02-23T20:59:36","guid":{"rendered":"http:\/\/www.tvk-gaj.pl\/~gajonline\/?p=9965"},"modified":"2018-02-19T22:14:21","modified_gmt":"2018-02-19T21:14:21","slug":"mamy-nowa-ulice-na-gaju","status":"publish","type":"post","link":"https:\/\/online.tvk-gaj.pl\/?p=9965","title":{"rendered":"Mamy now\u0105 ulic\u0119 na Gaju"},"content":{"rendered":"<p>15 lutego miejscy radni zadecydowali, \u017ce profesor Bogus\u0142aw Bobra\u0144ski stanie si\u0119 patronem jednej z ulic na osiedlu Gaj. Ulica znajduje si\u0119 na terenie kompleksu Uniwersyteckiego&nbsp; Szpitala Klinicznego przy Borowskiej.&nbsp;Propozycje nadania nazwy ulicy imieniem cenionego profesora chemii i farmacji oraz rektora wroc\u0142awskiej Akademii Medycznej z\u0142o\u017cy\u0142 i przedstawi\u0142 miastu senat uczelni.<\/p>\n<p><!--more--><\/p>\n<p>&nbsp;<\/p>\n<p><strong>Lokalizacja nowej ulicy<\/strong><\/p>\n<p><a href=\"http:\/\/www.tvk-gaj.pl\/~gajonline\/wp-content\/uploads\/2018\/02\/bobranski4.jpg\"><img loading=\"lazy\" decoding=\"async\" class=\"aligncenter size-full wp-image-9969\" src=\"http:\/\/www.tvk-gaj.pl\/~gajonline\/wp-content\/uploads\/2018\/02\/bobranski4.jpg\" alt=\"\" width=\"869\" height=\"605\" srcset=\"https:\/\/online.tvk-gaj.pl\/wp-content\/uploads\/2018\/02\/bobranski4.jpg 869w, https:\/\/online.tvk-gaj.pl\/wp-content\/uploads\/2018\/02\/bobranski4-300x209.jpg 300w, https:\/\/online.tvk-gaj.pl\/wp-content\/uploads\/2018\/02\/bobranski4-768x535.jpg 768w\" sizes=\"auto, (max-width: 869px) 100vw, 869px\" \/><\/a><\/p>\n<p>&nbsp;<\/p>\n<p><strong>Uzasadnienie wniosku o nadanie nazwy ulicy<\/strong><\/p>\n<p>&nbsp;<\/p>\n<p><img loading=\"lazy\" decoding=\"async\" class=\"aligncenter\" src=\"http:\/\/www.tvk-gaj.pl\/~gajonline\/wp-content\/uploads\/2018\/02\/bobranski2.jpg\" alt=\"\" width=\"776\" height=\"849\"><\/p>\n<p><strong>Wyniki g\u0142osowania w Radzie Miejskiej Wroc\u0142awia<\/strong><\/p>\n<p><a href=\"http:\/\/www.tvk-gaj.pl\/~gajonline\/wp-content\/uploads\/2018\/02\/bobranski3.jpg\"><img loading=\"lazy\" decoding=\"async\" class=\"aligncenter size-full wp-image-9968\" src=\"http:\/\/www.tvk-gaj.pl\/~gajonline\/wp-content\/uploads\/2018\/02\/bobranski3.jpg\" alt=\"\" width=\"703\" height=\"812\" srcset=\"https:\/\/online.tvk-gaj.pl\/wp-content\/uploads\/2018\/02\/bobranski3.jpg 703w, https:\/\/online.tvk-gaj.pl\/wp-content\/uploads\/2018\/02\/bobranski3-260x300.jpg 260w\" sizes=\"auto, (max-width: 703px) 100vw, 703px\" \/><\/a><\/p>\n<p>&nbsp;<\/p>\n<p>&nbsp;<\/p>\n","protected":false},"excerpt":{"rendered":"<p>15 lutego miejscy radni zadecydowali, \u017ce profesor Bogus\u0142aw Bobra\u0144ski stanie si\u0119 patronem jednej z ulic na osiedlu Gaj. Ulica znajduje si\u0119 na terenie kompleksu Uniwersyteckiego&nbsp; Szpitala Klinicznego przy Borowskiej.&nbsp;Propozycje nadania nazwy ulicy imieniem cenionego profesora chemii i farmacji oraz rektora wroc\u0142awskiej Akademii Medycznej z\u0142o\u017cy\u0142 i przedstawi\u0142 miastu senat uczelni.<\/p>\n","protected":false},"author":1,"featured_media":9966,"comment_status":"open","ping_status":"open","sticky":false,"template":"","format":"standard","meta":{"footnotes":""},"categories":[14,12],"tags":[955,113,251,112,954,956,490,864],"class_list":["post-9965","post","type-post","status-publish","format-standard","has-post-thumbnail","hentry","category-aktualnosci","category-artykuly","tag-boguslaw-bobranski","tag-borowska","tag-dzialkowa","tag-gaj","tag-nazwa","tag-nowa-ulica-na-gaju","tag-szpital","tag-ulica"],"_links":{"self":[{"href":"https:\/\/online.tvk-gaj.pl\/index.php?rest_route=\/wp\/v2\/posts\/9965","targetHints":{"allow":["GET"]}}],"collection":[{"href":"https:\/\/online.tvk-gaj.pl\/index.php?rest_route=\/wp\/v2\/posts"}],"about":[{"href":"https:\/\/online.tvk-gaj.pl\/index.php?rest_route=\/wp\/v2\/types\/post"}],"author":[{"embeddable":true,"href":"https:\/\/online.tvk-gaj.pl\/index.php?rest_route=\/wp\/v2\/users\/1"}],"replies":[{"embeddable":true,"href":"https:\/\/online.tvk-gaj.pl\/index.php?rest_route=%2Fwp%2Fv2%2Fcomments&post=9965"}],"version-history":[{"count":1,"href":"https:\/\/online.tvk-gaj.pl\/index.php?rest_route=\/wp\/v2\/posts\/9965\/revisions"}],"predecessor-version":[{"id":9970,"href":"https:\/\/online.tvk-gaj.pl\/index.php?rest_route=\/wp\/v2\/posts\/9965\/revisions\/9970"}],"wp:featuredmedia":[{"embeddable":true,"href":"https:\/\/online.tvk-gaj.pl\/index.php?rest_route=\/wp\/v2\/media\/9966"}],"wp:attachment":[{"href":"https:\/\/online.tvk-gaj.pl\/index.php?rest_route=%2Fwp%2Fv2%2Fmedia&parent=9965"}],"wp:term":[{"taxonomy":"category","embeddable":true,"href":"https:\/\/online.tvk-gaj.pl\/index.php?rest_route=%2Fwp%2Fv2%2Fcategories&post=9965"},{"taxonomy":"post_tag","embeddable":true,"href":"https:\/\/online.tvk-gaj.pl\/index.php?rest_route=%2Fwp%2Fv2%2Ftags&post=9965"}],"curies":[{"name":"wp","href":"https:\/\/api.w.org\/{rel}","templated":true}]}}