{"id":9973,"date":"2018-02-28T21:12:33","date_gmt":"2018-02-28T20:12:33","guid":{"rendered":"http:\/\/www.tvk-gaj.pl\/~gajonline\/?p=9973"},"modified":"2018-02-28T21:12:33","modified_gmt":"2018-02-28T20:12:33","slug":"nabor-na-koordynatora-projektu-parku-esk-na-gaju","status":"publish","type":"post","link":"https:\/\/online.tvk-gaj.pl\/?p=9973","title":{"rendered":"Nab\u00f3r na koordynatora projektu Parku ESK na Gaju"},"content":{"rendered":"<p>Wroc\u0142awskie Centrum Rozwoju Spo\u0142ecznego oraz Rada Osiedla Gaj poszukuj\u0105 kreatywnych, ambitnych i nie boj\u0105cych si\u0119 dzia\u0142a\u0107 os\u00f3b, kt\u00f3re chcia\u0142yby zosta\u0107 koordynatorem tegorocznej edycji projektu Parku ESK (Emocje-Sport-Kultura) na Gaju.&nbsp;<!--more--><\/p>\n<p>&nbsp;<\/p>\n<p><strong>Parki ESK Emocje-Sport-Kultura (skr\u00f3t zast\u0105pi\u0142 Europejsk\u0105 Stolic\u0119 Kultury, czyli wroc\u0142awskie przedsi\u0119wzi\u0119cie kulturalne z 2016r.) to odbywaj\u0105ce si\u0119 w wiosenno-letnie weekendy bezp\u0142atne wydarzenia kulturalne, sportowe i spo\u0142eczne we wsp\u00f3lnej przestrzeni wroc\u0142awskich park\u00f3w. Autorami wydarze\u0144 odbywaj\u0105cych si\u0119 w Parkach ESK s\u0105 sami wroc\u0142awianie, a tak\u017ce organizacje pozarz\u0105dowe, rady osiedli.&nbsp;<\/strong><\/p>\n<h4>&nbsp;<\/h4>\n<blockquote><p>Warsztaty pod chmurk\u0105, plenerowa czytelnia, koncert na \u015bwie\u017cym powietrzu, zawody sportowe w parku \u2013 to tylko kilka propozycji wydarze\u0144, kt\u00f3re mog\u0105 odbywa\u0107 si\u0119 na parkowych scenach w pawilonach kultury Park\u00f3w ESK Emocje-Sport-Kultura. W dziewi\u0119ciu wroc\u0142awskich parkach stoj\u0105 pawilony kultury \u2013 plenerowe sceny i miejsca spotka\u0144 wroc\u0142awian*.<\/p><\/blockquote>\n<p>&nbsp;<\/p>\n<p>Jednym z tych miejsc jest Park S\u0142oneczny na Gaju, gdzie cyklicznie w sezonie letnim, od 2016r. odbywaj\u0105 si\u0119 wydarzenia zwi\u0105zane z kontenerem kultury ESK.&nbsp;<\/p>\n<p>Obecnie WCRS&nbsp; oraz Rada Osiedla Gaj poszukuj\u0105 osoby, kt\u00f3ra podejmie si\u0119 roli koordynatora projektu.&nbsp;<\/p>\n<p>&nbsp;<\/p>\n<p><a href=\"http:\/\/www.tvk-gaj.pl\/~gajonline\/wp-content\/uploads\/2018\/02\/esk.jpg\"><img loading=\"lazy\" decoding=\"async\" class=\"aligncenter size-large wp-image-9975\" src=\"http:\/\/www.tvk-gaj.pl\/~gajonline\/wp-content\/uploads\/2018\/02\/esk-1024x548.jpg\" alt=\"\" width=\"838\" height=\"448\" srcset=\"https:\/\/online.tvk-gaj.pl\/wp-content\/uploads\/2018\/02\/esk-1024x548.jpg 1024w, https:\/\/online.tvk-gaj.pl\/wp-content\/uploads\/2018\/02\/esk-300x161.jpg 300w, https:\/\/online.tvk-gaj.pl\/wp-content\/uploads\/2018\/02\/esk-768x411.jpg 768w\" sizes=\"auto, (max-width: 838px) 100vw, 838px\" \/><\/a><\/p>\n<p>&nbsp;<\/p>\n<p>&nbsp;<\/p>\n<p><strong>Wszystkich zainteresowanych poprowadzeniem projektu na osiedlu Gaj prosimy o osobiste zg\u0142aszanie si\u0119 do siedziby Rady Osiedla Gaj przy ul. Krynickiej 80 w ka\u017cdy poniedzia\u0142ek i czwartek w godzinach 18-20.<\/strong><\/p>\n<p>&nbsp;<\/p>\n<p>&nbsp;<\/p>\n<p><em>(*) \u0179r\u00f3d\u0142o:<span style=\"color: #000000;\">&nbsp;<a style=\"color: #000000;\" href=\"http:\/\/parkiesk.wroclaw.pl\/\" target=\"_blank\" rel=\"noopener\">http:\/\/parkiesk.wroclaw.pl\/&nbsp;<\/a><\/span><\/em><\/p>\n","protected":false},"excerpt":{"rendered":"<p>Wroc\u0142awskie Centrum Rozwoju Spo\u0142ecznego oraz Rada Osiedla Gaj poszukuj\u0105 kreatywnych, ambitnych i nie boj\u0105cych si\u0119 dzia\u0142a\u0107 os\u00f3b, kt\u00f3re chcia\u0142yby zosta\u0107 koordynatorem tegorocznej edycji projektu Parku ESK (Emocje-Sport-Kultura) na Gaju.&nbsp;<\/p>\n","protected":false},"author":1,"featured_media":9975,"comment_status":"open","ping_status":"open","sticky":false,"template":"","format":"standard","meta":{"footnotes":""},"categories":[14],"tags":[959,632,112,958,647,166,443,128,957,640,241,605,135,648,778,165],"class_list":["post-9973","post","type-post","status-publish","format-standard","has-post-thumbnail","hentry","category-aktualnosci","tag-emocje","tag-esk","tag-gaj","tag-koordynator","tag-kultura","tag-osiedle-gaj","tag-park","tag-park-sloneczny","tag-parki-esk","tag-pawilon","tag-praca","tag-projekt","tag-rada-osiedla-gaj","tag-sport","tag-wcrs","tag-wroclaw"],"_links":{"self":[{"href":"https:\/\/online.tvk-gaj.pl\/index.php?rest_route=\/wp\/v2\/posts\/9973","targetHints":{"allow":["GET"]}}],"collection":[{"href":"https:\/\/online.tvk-gaj.pl\/index.php?rest_route=\/wp\/v2\/posts"}],"about":[{"href":"https:\/\/online.tvk-gaj.pl\/index.php?rest_route=\/wp\/v2\/types\/post"}],"author":[{"embeddable":true,"href":"https:\/\/online.tvk-gaj.pl\/index.php?rest_route=\/wp\/v2\/users\/1"}],"replies":[{"embeddable":true,"href":"https:\/\/online.tvk-gaj.pl\/index.php?rest_route=%2Fwp%2Fv2%2Fcomments&post=9973"}],"version-history":[{"count":4,"href":"https:\/\/online.tvk-gaj.pl\/index.php?rest_route=\/wp\/v2\/posts\/9973\/revisions"}],"predecessor-version":[{"id":9979,"href":"https:\/\/online.tvk-gaj.pl\/index.php?rest_route=\/wp\/v2\/posts\/9973\/revisions\/9979"}],"wp:featuredmedia":[{"embeddable":true,"href":"https:\/\/online.tvk-gaj.pl\/index.php?rest_route=\/wp\/v2\/media\/9975"}],"wp:attachment":[{"href":"https:\/\/online.tvk-gaj.pl\/index.php?rest_route=%2Fwp%2Fv2%2Fmedia&parent=9973"}],"wp:term":[{"taxonomy":"category","embeddable":true,"href":"https:\/\/online.tvk-gaj.pl\/index.php?rest_route=%2Fwp%2Fv2%2Fcategories&post=9973"},{"taxonomy":"post_tag","embeddable":true,"href":"https:\/\/online.tvk-gaj.pl\/index.php?rest_route=%2Fwp%2Fv2%2Ftags&post=9973"}],"curies":[{"name":"wp","href":"https:\/\/api.w.org\/{rel}","templated":true}]}}