{"id":9985,"date":"2018-03-16T20:08:46","date_gmt":"2018-03-16T19:08:46","guid":{"rendered":"http:\/\/www.tvk-gaj.pl\/~gajonline\/?p=9985"},"modified":"2018-04-11T19:58:47","modified_gmt":"2018-04-11T17:58:47","slug":"podworko-po-rewolucji-czyli-kolejny-zrealizowany-projekt-wbo","status":"publish","type":"post","link":"https:\/\/online.tvk-gaj.pl\/?p=9985","title":{"rendered":"Podw\u00f3rko po rewolucji, czyli kolejny zrealizowany projekt WBO"},"content":{"rendered":"<p>W podw\u00f3rku pomi\u0119dzy ulicami Krynick\u0105, Bardzk\u0105 i Zaruskiego powsta\u0142 nowy teren rekreacyjny. Plac zabaw oraz spacerowe alejki powsta\u0142y dzi\u0119ki realizacji zwyci\u0119skiego projektu Wroc\u0142awskiego Bud\u017cetu Obywatelskiego z 2016r.&nbsp;<!--more--><\/p>\n<p>&nbsp;<\/p>\n<p>Projekt Nr 778 zg\u0142oszony do edycji WBO w 2016r. uzyska\u0142&nbsp;695 g\u0142os\u00f3w,&nbsp; kt\u00f3re wystarczy\u0142y, by w 2017r. rozpocz\u0119\u0142y si\u0119 prace projektowo-budowlane.&nbsp;&nbsp;<\/p>\n<p>&nbsp;<\/p>\n<p><a href=\"http:\/\/www.tvk-gaj.pl\/~gajonline\/wp-content\/uploads\/2018\/03\/20180219_134218.jpg\"><img loading=\"lazy\" decoding=\"async\" class=\"aligncenter size-large wp-image-9987\" src=\"http:\/\/www.tvk-gaj.pl\/~gajonline\/wp-content\/uploads\/2018\/03\/20180219_134218-1024x768.jpg\" alt=\"\" width=\"838\" height=\"629\" srcset=\"https:\/\/online.tvk-gaj.pl\/wp-content\/uploads\/2018\/03\/20180219_134218-1024x768.jpg 1024w, https:\/\/online.tvk-gaj.pl\/wp-content\/uploads\/2018\/03\/20180219_134218-300x225.jpg 300w, https:\/\/online.tvk-gaj.pl\/wp-content\/uploads\/2018\/03\/20180219_134218-768x576.jpg 768w, https:\/\/online.tvk-gaj.pl\/wp-content\/uploads\/2018\/03\/20180219_134218.jpg 2016w\" sizes=\"auto, (max-width: 838px) 100vw, 838px\" \/><\/a><\/p>\n<p>&nbsp;<\/p>\n<p>W ramach projektu przewidziano m.in. budow\u0119 \u0142awek i alejek spacerowych, nasadzenia ro\u015blin oraz budow\u0119 placu zabaw dla dzieci.&nbsp;<\/p>\n<p>&nbsp;<\/p>\n<p><a href=\"http:\/\/www.tvk-gaj.pl\/~gajonline\/wp-content\/uploads\/2018\/03\/20180219_134327.jpg\"><img loading=\"lazy\" decoding=\"async\" class=\"aligncenter size-large wp-image-9988\" src=\"http:\/\/www.tvk-gaj.pl\/~gajonline\/wp-content\/uploads\/2018\/03\/20180219_134327-1024x768.jpg\" alt=\"\" width=\"838\" height=\"629\" srcset=\"https:\/\/online.tvk-gaj.pl\/wp-content\/uploads\/2018\/03\/20180219_134327-1024x768.jpg 1024w, https:\/\/online.tvk-gaj.pl\/wp-content\/uploads\/2018\/03\/20180219_134327-300x225.jpg 300w, https:\/\/online.tvk-gaj.pl\/wp-content\/uploads\/2018\/03\/20180219_134327-768x576.jpg 768w, https:\/\/online.tvk-gaj.pl\/wp-content\/uploads\/2018\/03\/20180219_134327.jpg 2016w\" sizes=\"auto, (max-width: 838px) 100vw, 838px\" \/><\/a><\/p>\n<p>&nbsp;<\/p>\n<p>Projekt zg\u0142osili oraz wspierali w promocji mieszka\u0144cy ul. Krynickiej oraz Rada Osiedla Gaj.<\/p>\n<p>&nbsp;<\/p>\n<p><a href=\"http:\/\/www.tvk-gaj.pl\/~gajonline\/wp-content\/uploads\/2018\/03\/20180219_134306.jpg\"><img loading=\"lazy\" decoding=\"async\" class=\"aligncenter size-large wp-image-9989\" src=\"http:\/\/www.tvk-gaj.pl\/~gajonline\/wp-content\/uploads\/2018\/03\/20180219_134306-1024x768.jpg\" alt=\"\" width=\"838\" height=\"629\" srcset=\"https:\/\/online.tvk-gaj.pl\/wp-content\/uploads\/2018\/03\/20180219_134306-1024x768.jpg 1024w, https:\/\/online.tvk-gaj.pl\/wp-content\/uploads\/2018\/03\/20180219_134306-300x225.jpg 300w, https:\/\/online.tvk-gaj.pl\/wp-content\/uploads\/2018\/03\/20180219_134306-768x576.jpg 768w, https:\/\/online.tvk-gaj.pl\/wp-content\/uploads\/2018\/03\/20180219_134306.jpg 2016w\" sizes=\"auto, (max-width: 838px) 100vw, 838px\" \/><\/a><\/p>\n<p>&nbsp;<\/p>\n<p>Remont zaniedbanego do tej pory terenu mi\u0119dzy blokami znacz\u0105co zmieni\u0142 wygl\u0105d jednej z najstarszych cz\u0119\u015bci osiedla.&nbsp;<\/p>\n<p>&nbsp;<\/p>\n<p><a href=\"http:\/\/www.tvk-gaj.pl\/~gajonline\/wp-content\/uploads\/2018\/03\/20180219_134342.jpg\"><img loading=\"lazy\" decoding=\"async\" class=\"aligncenter size-large wp-image-9990\" src=\"http:\/\/www.tvk-gaj.pl\/~gajonline\/wp-content\/uploads\/2018\/03\/20180219_134342-1024x768.jpg\" alt=\"\" width=\"838\" height=\"629\" srcset=\"https:\/\/online.tvk-gaj.pl\/wp-content\/uploads\/2018\/03\/20180219_134342-1024x768.jpg 1024w, https:\/\/online.tvk-gaj.pl\/wp-content\/uploads\/2018\/03\/20180219_134342-300x225.jpg 300w, https:\/\/online.tvk-gaj.pl\/wp-content\/uploads\/2018\/03\/20180219_134342-768x576.jpg 768w, https:\/\/online.tvk-gaj.pl\/wp-content\/uploads\/2018\/03\/20180219_134342.jpg 2016w\" sizes=\"auto, (max-width: 838px) 100vw, 838px\" \/><\/a><\/p>\n<p>&nbsp;<\/p>\n<p>Przyk\u0142ad realizacji tego projektu pokazuje jak skuteczne mog\u0105 by\u0107 inicjatywy mieszka\u0144c\u00f3w s\u0142u\u017c\u0105ce do zmiany wygl\u0105du najbli\u017cszej okolicy.<\/p>\n<p>&nbsp;<\/p>\n","protected":false},"excerpt":{"rendered":"<p>W podw\u00f3rku pomi\u0119dzy ulicami Krynick\u0105, Bardzk\u0105 i Zaruskiego powsta\u0142 nowy teren rekreacyjny. Plac zabaw oraz spacerowe alejki powsta\u0142y dzi\u0119ki realizacji zwyci\u0119skiego projektu Wroc\u0142awskiego Bud\u017cetu Obywatelskiego z 2016r.&nbsp;<\/p>\n","protected":false},"author":1,"featured_media":9992,"comment_status":"open","ping_status":"open","sticky":false,"template":"","format":"standard","meta":{"footnotes":""},"categories":[14,12],"tags":[197,112,249,209,961,166,809,817,135,515,275,165,344,914],"class_list":["post-9985","post","type-post","status-publish","format-standard","has-post-thumbnail","hentry","category-aktualnosci","category-artykuly","tag-bardzka","tag-gaj","tag-inwestycja","tag-krynicka","tag-orlowicza","tag-osiedle-gaj","tag-plac-zabaw","tag-podworko","tag-rada-osiedla-gaj","tag-remont","tag-wbo","tag-wroclaw","tag-wroclawski-budzet-obywatelski","tag-zaruskiego"],"_links":{"self":[{"href":"https:\/\/online.tvk-gaj.pl\/index.php?rest_route=\/wp\/v2\/posts\/9985","targetHints":{"allow":["GET"]}}],"collection":[{"href":"https:\/\/online.tvk-gaj.pl\/index.php?rest_route=\/wp\/v2\/posts"}],"about":[{"href":"https:\/\/online.tvk-gaj.pl\/index.php?rest_route=\/wp\/v2\/types\/post"}],"author":[{"embeddable":true,"href":"https:\/\/online.tvk-gaj.pl\/index.php?rest_route=\/wp\/v2\/users\/1"}],"replies":[{"embeddable":true,"href":"https:\/\/online.tvk-gaj.pl\/index.php?rest_route=%2Fwp%2Fv2%2Fcomments&post=9985"}],"version-history":[{"count":5,"href":"https:\/\/online.tvk-gaj.pl\/index.php?rest_route=\/wp\/v2\/posts\/9985\/revisions"}],"predecessor-version":[{"id":10001,"href":"https:\/\/online.tvk-gaj.pl\/index.php?rest_route=\/wp\/v2\/posts\/9985\/revisions\/10001"}],"wp:featuredmedia":[{"embeddable":true,"href":"https:\/\/online.tvk-gaj.pl\/index.php?rest_route=\/wp\/v2\/media\/9992"}],"wp:attachment":[{"href":"https:\/\/online.tvk-gaj.pl\/index.php?rest_route=%2Fwp%2Fv2%2Fmedia&parent=9985"}],"wp:term":[{"taxonomy":"category","embeddable":true,"href":"https:\/\/online.tvk-gaj.pl\/index.php?rest_route=%2Fwp%2Fv2%2Fcategories&post=9985"},{"taxonomy":"post_tag","embeddable":true,"href":"https:\/\/online.tvk-gaj.pl\/index.php?rest_route=%2Fwp%2Fv2%2Ftags&post=9985"}],"curies":[{"name":"wp","href":"https:\/\/api.w.org\/{rel}","templated":true}]}}