{"id":615,"count":1,"description":"","link":"https:\/\/online.tvk-gaj.pl\/?tag=noc-konfesjonalow-wroclaw","name":"noc konfesjona\u0142\u00f3w wroc\u0142aw","slug":"noc-konfesjonalow-wroclaw","taxonomy":"post_tag","meta":[],"_links":{"self":[{"href":"https:\/\/online.tvk-gaj.pl\/index.php?rest_route=\/wp\/v2\/tags\/615","targetHints":{"allow":["GET"]}}],"collection":[{"href":"https:\/\/online.tvk-gaj.pl\/index.php?rest_route=\/wp\/v2\/tags"}],"about":[{"href":"https:\/\/online.tvk-gaj.pl\/index.php?rest_route=\/wp\/v2\/taxonomies\/post_tag"}],"wp:post_type":[{"href":"https:\/\/online.tvk-gaj.pl\/index.php?rest_route=%2Fwp%2Fv2%2Fposts&tags=615"}],"curies":[{"name":"wp","href":"https:\/\/api.w.org\/{rel}","templated":true}]}}